{"id":48219,"date":"2023-11-03T10:58:51","date_gmt":"2023-11-03T13:58:51","guid":{"rendered":"http:\/\/www.sincomam.org.br\/?p=48219"},"modified":"2023-11-03T10:58:51","modified_gmt":"2023-11-03T13:58:51","slug":"copom-reduz-juros-basicos-da-economia-para-1225-ao-ano","status":"publish","type":"post","link":"https:\/\/www.sincomam.org.br\/index.php\/copom-reduz-juros-basicos-da-economia-para-1225-ao-ano\/","title":{"rendered":"Copom reduz juros b\u00e1sicos da economia para 12,25% ao ano"},"content":{"rendered":"<p>O comportamento dos pre\u00e7os fez o Banco Central (BC) cortar os juros pela terceira vez seguida. Por unanimidade, o Comit\u00ea de Pol\u00edtica Monet\u00e1ria (Copom) reduziu a taxa Selic, juros b\u00e1sicos da economia, em 0,5 ponto percentual, para 12,25% ao ano. A decis\u00e3o, anunciada na tarde desta quarta-feira (1\u00ba), era\u00a0esperada pelos analistas financeiros.<img decoding=\"async\" src=\"https:\/\/agenciabrasil.ebc.com.br\/ebc.png?id=1564004&amp;o=node\" \/><img decoding=\"async\" src=\"https:\/\/agenciabrasil.ebc.com.br\/ebc.gif?id=1564004&amp;o=node\" \/><\/p>\n<p>Em comunicado, o Copom informou que a economia internacional exige maior aten\u00e7\u00e3o e cautela de pa\u00edses emergentes na redu\u00e7\u00e3o de juros. \u201cO ambiente externo mostra-se adverso, em fun\u00e7\u00e3o da eleva\u00e7\u00e3o das taxas de juros de prazos mais longos nos Estados Unidos, da resili\u00eancia dos n\u00facleos de infla\u00e7\u00e3o em n\u00edveis ainda elevados em diversos pa\u00edses e de novas tens\u00f5es geopol\u00edticas\u201d, destacou o comunicado.<\/p>\n<p>Apesar das dificuldades, o texto informou que o Copom continuar\u00e1 a fazer novos cortes de 0,5 ponto nas pr\u00f3ximas reuni\u00f5es. O Copom, no entanto, indicou que poder\u00e1 mudar o tempo do per\u00edodo de cortes, caso as condi\u00e7\u00f5es tornem mais dif\u00edcil reduzir juros.<\/p>\n<p>\u201cA magnitude total do ciclo de flexibiliza\u00e7\u00e3o ao longo do tempo depender\u00e1 da evolu\u00e7\u00e3o da din\u00e2mica inflacion\u00e1ria, em especial dos componentes mais sens\u00edveis \u00e0 pol\u00edtica monet\u00e1ria e \u00e0 atividade econ\u00f4mica, das expectativas de infla\u00e7\u00e3o, em particular daquelas de maior prazo, de suas proje\u00e7\u00f5es de infla\u00e7\u00e3o, do hiato do produto e do balan\u00e7o de riscos\u201d, ressaltou o texto.<\/p>\n<p>A taxa est\u00e1 no menor n\u00edvel desde maio do ano passado, quando estava em 11,75% ao ano. De mar\u00e7o de 2021 a agosto de 2022, o Copom elevou a Selic por 12 vezes consecutivas, num ciclo de aperto monet\u00e1rio que come\u00e7ou em meio \u00e0 alta dos pre\u00e7os de alimentos, de energia e de combust\u00edveis. Por um ano, de agosto do ano passado a agosto deste ano, a taxa foi mantida em 13,75% ao ano por sete vezes seguidas.<\/p>\n<p>Antes do in\u00edcio do ciclo de alta, a Selic tinha sido reduzida para 2% ao ano, no n\u00edvel mais baixo da s\u00e9rie hist\u00f3rica iniciada em 1986. Por causa da contra\u00e7\u00e3o econ\u00f4mica gerada pela pandemia de covid-19, o Banco Central tinha derrubado a taxa para estimular a produ\u00e7\u00e3o e o consumo. A taxa ficou no menor patamar da hist\u00f3ria de agosto de 2020 a mar\u00e7o de 2021.<\/p>\n<h2>Infla\u00e7\u00e3o<\/h2>\n<p>A Selic \u00e9 o principal instrumento do Banco Central para manter sob controle a infla\u00e7\u00e3o oficial, medida pelo \u00cdndice Nacional de Pre\u00e7os ao Consumidor Amplo (IPCA). Em setembro, o\u00a0indicador ficou em 0,26% e acumula 5,19% em 12 meses\u00a0. Ap\u00f3s sucessivas quedas no fim do primeiro semestre, a infla\u00e7\u00e3o voltou a subir na segunda metade do ano, mas essa alta era esperada pelos economistas.<\/p>\n<p>O \u00edndice fechou o ano passado acima do teto da meta de infla\u00e7\u00e3o. Para 2023, o Conselho Monet\u00e1rio Nacional (CMN) fixou meta de infla\u00e7\u00e3o de 3,25%, com margem de toler\u00e2ncia de 1,5 ponto percentual. O IPCA, portanto, n\u00e3o podia superar 4,75% nem ficar abaixo de 1,75% neste ano.<\/p>\n<p>No\u00a0<em>Relat\u00f3rio de Infla\u00e7\u00e3o<\/em>\u00a0divulgado no fim de setembro pelo Banco Central, a autoridade monet\u00e1ria manteve a estimativa de que o IPCA fecharia 2023\u00a0em 5% no cen\u00e1rio base. A proje\u00e7\u00e3o, no entanto, pode ser revista para baixo na nova vers\u00e3o do relat\u00f3rio, que ser\u00e1 divulgada no fim de dezembro.<\/p>\n<p>As previs\u00f5es do mercado est\u00e3o mais otimistas que as oficiais. De acordo com o boletim\u00a0<em>Focus<\/em>, pesquisa semanal com institui\u00e7\u00f5es financeiras divulgada pelo BC, a infla\u00e7\u00e3o oficial dever\u00e1 fechar o\u00a0ano em 4,63%, abaixo portanto do teto da meta. H\u00e1 um m\u00eas, as estimativas do mercado estavam em 4,86%.<\/p>\n<h2>Cr\u00e9dito mais barato<\/h2>\n<p>A redu\u00e7\u00e3o da taxa Selic ajuda a estimular a economia. Isso porque juros mais baixos barateiam o cr\u00e9dito e incentivam a produ\u00e7\u00e3o e o consumo. Por outro lado, taxas mais baixas dificultam o controle da infla\u00e7\u00e3o. No \u00faltimo\u00a0<em>Relat\u00f3rio de Infla\u00e7\u00e3o<\/em>, o Banco Central\u00a0aumentou para 2,9% a proje\u00e7\u00e3o de crescimento\u00a0para a economia em 2023.<\/p>\n<p>O mercado projeta crescimento semelhante, principalmente ap\u00f3s a divulga\u00e7\u00e3o de que o Produto Interno Bruto (PIB, soma das riquezas produzidas) cresceu\u00a00,9% no segundo trimestre\u00a0. Segundo a \u00faltima edi\u00e7\u00e3o do boletim\u00a0<em>Focus<\/em>, os analistas econ\u00f4micos preveem\u00a0expans\u00e3o de 2,89%\u00a0do PIB em 2023.<\/p>\n<p>A taxa b\u00e1sica de juros \u00e9 usada nas negocia\u00e7\u00f5es de t\u00edtulos p\u00fablicos no Sistema Especial de Liquida\u00e7\u00e3o e Cust\u00f3dia (Selic) e serve de refer\u00eancia para as demais taxas de juros da economia. Ao reajust\u00e1-la para cima, o Banco Central segura o excesso de demanda que pressiona os pre\u00e7os, porque juros mais altos encarecem o cr\u00e9dito e estimulam a poupan\u00e7a.<\/p>\n<p>Ao reduzir os juros b\u00e1sicos, o Copom barateia o cr\u00e9dito e incentiva a produ\u00e7\u00e3o e o consumo, mas enfraquece o controle da infla\u00e7\u00e3o. Para cortar a Selic, a autoridade monet\u00e1ria precisa estar segura de que os pre\u00e7os est\u00e3o sob controle e n\u00e3o correm risco de subir.<\/p>\n<p>Fonte: Ag\u00eancia Brasil<\/p>\n","protected":false},"excerpt":{"rendered":"<p>O comportamento dos pre\u00e7os fez o Banco Central (BC) cortar os juros pela terceira vez seguida. Por unanimidade, o Comit\u00ea de Pol\u00edtica Monet\u00e1ria (Copom) reduziu&#8230;<\/p>\n","protected":false},"author":1527,"featured_media":48220,"comment_status":"closed","ping_status":"closed","sticky":false,"template":"","format":"standard","meta":{"footnotes":""},"categories":[6],"tags":[],"class_list":["post-48219","post","type-post","status-publish","format-standard","has-post-thumbnail","hentry","category-noticias"],"_links":{"self":[{"href":"https:\/\/www.sincomam.org.br\/index.php\/wp-json\/wp\/v2\/posts\/48219","targetHints":{"allow":["GET"]}}],"collection":[{"href":"https:\/\/www.sincomam.org.br\/index.php\/wp-json\/wp\/v2\/posts"}],"about":[{"href":"https:\/\/www.sincomam.org.br\/index.php\/wp-json\/wp\/v2\/types\/post"}],"author":[{"embeddable":true,"href":"https:\/\/www.sincomam.org.br\/index.php\/wp-json\/wp\/v2\/users\/1527"}],"replies":[{"embeddable":true,"href":"https:\/\/www.sincomam.org.br\/index.php\/wp-json\/wp\/v2\/comments?post=48219"}],"version-history":[{"count":1,"href":"https:\/\/www.sincomam.org.br\/index.php\/wp-json\/wp\/v2\/posts\/48219\/revisions"}],"predecessor-version":[{"id":48221,"href":"https:\/\/www.sincomam.org.br\/index.php\/wp-json\/wp\/v2\/posts\/48219\/revisions\/48221"}],"wp:featuredmedia":[{"embeddable":true,"href":"https:\/\/www.sincomam.org.br\/index.php\/wp-json\/wp\/v2\/media\/48220"}],"wp:attachment":[{"href":"https:\/\/www.sincomam.org.br\/index.php\/wp-json\/wp\/v2\/media?parent=48219"}],"wp:term":[{"taxonomy":"category","embeddable":true,"href":"https:\/\/www.sincomam.org.br\/index.php\/wp-json\/wp\/v2\/categories?post=48219"},{"taxonomy":"post_tag","embeddable":true,"href":"https:\/\/www.sincomam.org.br\/index.php\/wp-json\/wp\/v2\/tags?post=48219"}],"curies":[{"name":"wp","href":"https:\/\/api.w.org\/{rel}","templated":true}]}}