{"id":48216,"date":"2023-11-03T10:55:28","date_gmt":"2023-11-03T13:55:28","guid":{"rendered":"http:\/\/www.sincomam.org.br\/?p=48216"},"modified":"2023-11-03T10:55:28","modified_gmt":"2023-11-03T13:55:28","slug":"pescadores-do-norte-afetados-pela-seca-receberao-auxilio-de-r-2-640","status":"publish","type":"post","link":"https:\/\/www.sincomam.org.br\/index.php\/pescadores-do-norte-afetados-pela-seca-receberao-auxilio-de-r-2-640\/","title":{"rendered":"Pescadores do Norte afetados pela seca receber\u00e3o aux\u00edlio de R$ 2.640"},"content":{"rendered":"<p>O governo federal vai pagar um aux\u00edlio extraordin\u00e1rio de R$ 2.640 para pescadores artesanais benefici\u00e1rios do seguro-defeso cadastrados nos munic\u00edpios da Regi\u00e3o Norte em situa\u00e7\u00e3o de emerg\u00eancia por causa da seca.<img decoding=\"async\" src=\"https:\/\/agenciabrasil.ebc.com.br\/ebc.png?id=1564127&amp;o=node\" \/><img decoding=\"async\" src=\"https:\/\/agenciabrasil.ebc.com.br\/ebc.gif?id=1564127&amp;o=node\" \/><\/p>\n<p>O pescador ter\u00e1 direito mesmo que seja titular de outros benef\u00edcios assistenciais ou previdenci\u00e1rios ou de outro benef\u00edcio de qualquer natureza. O aux\u00edlio ser\u00e1 pago em parcela \u00fanica.<\/p>\n<p>Os minist\u00e9rios da Pesca e Aquicultura e da Previd\u00eancia Social v\u00e3o regulamentar a medida provis\u00f3ria (MP)\u00a0<a href=\"https:\/\/www.in.gov.br\/en\/web\/dou\/-\/medida-provisoria-n-1.192-de-1-de-novembro-de-2023-520495306\" target=\"_blank\" rel=\"noopener\">publicada em edi\u00e7\u00e3o extra do<em>\u00a0Di\u00e1rio Oficial da Uni\u00e3o<\/em><\/a>\u00a0nesta quarta-feira (1\u00ba), com os procedimentos necess\u00e1rios para que o pagamento seja feito.<\/p>\n<p>A estimativa \u00e9 de sejam atendidos pescadores profissionais artesanais de 94 munic\u00edpios da regi\u00e3o definida na MP.<\/p>\n<p>O apoio do governo federal para combater a crise h\u00eddrica no Amazonas j\u00e1 soma R$ 627 milh\u00f5es, o que n\u00e3o inclui o seguro-defeso para os pescadores e outros aux\u00edlios emergenciais.<\/p>\n<p>Fonte: Ag\u00eancia Brasil<\/p>\n","protected":false},"excerpt":{"rendered":"<p>O governo federal vai pagar um aux\u00edlio extraordin\u00e1rio de R$ 2.640 para pescadores artesanais benefici\u00e1rios do seguro-defeso cadastrados nos munic\u00edpios da Regi\u00e3o Norte em situa\u00e7\u00e3o&#8230;<\/p>\n","protected":false},"author":1527,"featured_media":48217,"comment_status":"closed","ping_status":"closed","sticky":false,"template":"","format":"standard","meta":{"footnotes":""},"categories":[6],"tags":[],"class_list":["post-48216","post","type-post","status-publish","format-standard","has-post-thumbnail","hentry","category-noticias"],"_links":{"self":[{"href":"https:\/\/www.sincomam.org.br\/index.php\/wp-json\/wp\/v2\/posts\/48216","targetHints":{"allow":["GET"]}}],"collection":[{"href":"https:\/\/www.sincomam.org.br\/index.php\/wp-json\/wp\/v2\/posts"}],"about":[{"href":"https:\/\/www.sincomam.org.br\/index.php\/wp-json\/wp\/v2\/types\/post"}],"author":[{"embeddable":true,"href":"https:\/\/www.sincomam.org.br\/index.php\/wp-json\/wp\/v2\/users\/1527"}],"replies":[{"embeddable":true,"href":"https:\/\/www.sincomam.org.br\/index.php\/wp-json\/wp\/v2\/comments?post=48216"}],"version-history":[{"count":1,"href":"https:\/\/www.sincomam.org.br\/index.php\/wp-json\/wp\/v2\/posts\/48216\/revisions"}],"predecessor-version":[{"id":48218,"href":"https:\/\/www.sincomam.org.br\/index.php\/wp-json\/wp\/v2\/posts\/48216\/revisions\/48218"}],"wp:featuredmedia":[{"embeddable":true,"href":"https:\/\/www.sincomam.org.br\/index.php\/wp-json\/wp\/v2\/media\/48217"}],"wp:attachment":[{"href":"https:\/\/www.sincomam.org.br\/index.php\/wp-json\/wp\/v2\/media?parent=48216"}],"wp:term":[{"taxonomy":"category","embeddable":true,"href":"https:\/\/www.sincomam.org.br\/index.php\/wp-json\/wp\/v2\/categories?post=48216"},{"taxonomy":"post_tag","embeddable":true,"href":"https:\/\/www.sincomam.org.br\/index.php\/wp-json\/wp\/v2\/tags?post=48216"}],"curies":[{"name":"wp","href":"https:\/\/api.w.org\/{rel}","templated":true}]}}