{"id":48210,"date":"2023-11-03T10:33:40","date_gmt":"2023-11-03T13:33:40","guid":{"rendered":"http:\/\/www.sincomam.org.br\/?p=48210"},"modified":"2023-11-03T10:33:40","modified_gmt":"2023-11-03T13:33:40","slug":"governo-autoriza-glo-em-portos-do-rio-e-de-santos","status":"publish","type":"post","link":"https:\/\/www.sincomam.org.br\/index.php\/governo-autoriza-glo-em-portos-do-rio-e-de-santos\/","title":{"rendered":"Governo autoriza GLO em portos do Rio e de Santos"},"content":{"rendered":"<p>O presidente Luiz In\u00e1cio Lula da Silva autorizou, nesta quarta-feira (1), o emprego das For\u00e7as Armadas para a Garantia da Lei e da Ordem (GLO) em portos e aeroportos, no per\u00edodo de 6 de novembro de 2023 at\u00e9 3 de maio de 2024. O decreto, publicado em edi\u00e7\u00e3o extraordin\u00e1ria do Di\u00e1rio Oficial da Uni\u00e3o, abrange a\u00e7\u00f5es nas poligonais e limites dos portos de Santos (SP), do Rio de Janeiro (RJ) e de Itagua\u00ed (RJ), al\u00e9m dos aeroportos internacionais do Gale\u00e3o (Tom Jobim), no Rio, e de Guarulhos, em S\u00e3o Paulo. O objetivo \u00e9 o fortalecimento do combate ao tr\u00e1fico de drogas e de armas e demais condutas il\u00edcitas, por meio de a\u00e7\u00f5es preventivas e repressivas.<\/p>\n<p>O Minist\u00e9rio da Defesa definir\u00e1 a aloca\u00e7\u00e3o dos meios dispon\u00edveis e os comandos respons\u00e1veis pela opera\u00e7\u00e3o. O emprego das For\u00e7as Armadas ocorrer\u00e1 em articula\u00e7\u00e3o com os \u00f3rg\u00e3os de seguran\u00e7a p\u00fablica. Caber\u00e1 aos comandos do Ex\u00e9rcito e da Aeron\u00e1utica o fortalecimento imediato das a\u00e7\u00f5es de preven\u00e7\u00e3o e repress\u00e3o de delitos na faixa de fronteira do territ\u00f3rio brasileiro, e ao comando da Marinha o fortalecimento das a\u00e7\u00f5es de preven\u00e7\u00e3o e repress\u00e3o de delitos na Ba\u00eda de Guanabara, na Ba\u00eda de Sepetiba, bem como na \u00e1rea brasileira do Lago de Itaipu,nos estados do Mato Grosso do Sul e do Paran\u00e1, e nos acessos mar\u00edtimos ao Porto de Santos, em articula\u00e7\u00e3o com a Pol\u00edcia Federal e a Pol\u00edcia Rodovi\u00e1ria Federal, de acordo com as respectivas compet\u00eancias.<\/p>\n<p>O Minist\u00e9rio da Justi\u00e7a e Seguran\u00e7a P\u00fablica e o Minist\u00e9rio da Defesa apresentar\u00e3o \u00e0 Casa Civil da Presid\u00eancia da Rep\u00fablica, no prazo de 90 dias, contado da data de entrada em vigor do decreto, plano conjunto de moderniza\u00e7\u00e3o tecnol\u00f3gica que amplie a efici\u00eancia da atua\u00e7\u00e3o da Pol\u00edcia Federal, da Pol\u00edcia Rodovi\u00e1ria Federal, da Pol\u00edcia Penal Federal, dos comandos das tr\u00eas for\u00e7as, em portos, aeroportos e fronteiras, respeitadas todas as compet\u00eancias.<\/p>\n<p>Fonte: Ag\u00eancia Brasil<\/p>\n","protected":false},"excerpt":{"rendered":"<p>O presidente Luiz In\u00e1cio Lula da Silva autorizou, nesta quarta-feira (1), o emprego das For\u00e7as Armadas para a Garantia da Lei e da Ordem (GLO)&#8230;<\/p>\n","protected":false},"author":1527,"featured_media":48211,"comment_status":"closed","ping_status":"closed","sticky":false,"template":"","format":"standard","meta":{"footnotes":""},"categories":[6],"tags":[],"class_list":["post-48210","post","type-post","status-publish","format-standard","has-post-thumbnail","hentry","category-noticias"],"_links":{"self":[{"href":"https:\/\/www.sincomam.org.br\/index.php\/wp-json\/wp\/v2\/posts\/48210","targetHints":{"allow":["GET"]}}],"collection":[{"href":"https:\/\/www.sincomam.org.br\/index.php\/wp-json\/wp\/v2\/posts"}],"about":[{"href":"https:\/\/www.sincomam.org.br\/index.php\/wp-json\/wp\/v2\/types\/post"}],"author":[{"embeddable":true,"href":"https:\/\/www.sincomam.org.br\/index.php\/wp-json\/wp\/v2\/users\/1527"}],"replies":[{"embeddable":true,"href":"https:\/\/www.sincomam.org.br\/index.php\/wp-json\/wp\/v2\/comments?post=48210"}],"version-history":[{"count":1,"href":"https:\/\/www.sincomam.org.br\/index.php\/wp-json\/wp\/v2\/posts\/48210\/revisions"}],"predecessor-version":[{"id":48212,"href":"https:\/\/www.sincomam.org.br\/index.php\/wp-json\/wp\/v2\/posts\/48210\/revisions\/48212"}],"wp:featuredmedia":[{"embeddable":true,"href":"https:\/\/www.sincomam.org.br\/index.php\/wp-json\/wp\/v2\/media\/48211"}],"wp:attachment":[{"href":"https:\/\/www.sincomam.org.br\/index.php\/wp-json\/wp\/v2\/media?parent=48210"}],"wp:term":[{"taxonomy":"category","embeddable":true,"href":"https:\/\/www.sincomam.org.br\/index.php\/wp-json\/wp\/v2\/categories?post=48210"},{"taxonomy":"post_tag","embeddable":true,"href":"https:\/\/www.sincomam.org.br\/index.php\/wp-json\/wp\/v2\/tags?post=48210"}],"curies":[{"name":"wp","href":"https:\/\/api.w.org\/{rel}","templated":true}]}}