{"id":48207,"date":"2023-11-03T10:32:38","date_gmt":"2023-11-03T13:32:38","guid":{"rendered":"http:\/\/www.sincomam.org.br\/?p=48207"},"modified":"2023-11-03T10:32:38","modified_gmt":"2023-11-03T13:32:38","slug":"primeiro-corte-de-aco-marca-inicio-da-construcao-da-segunda-fragata-classe-tamandare","status":"publish","type":"post","link":"https:\/\/www.sincomam.org.br\/index.php\/primeiro-corte-de-aco-marca-inicio-da-construcao-da-segunda-fragata-classe-tamandare\/","title":{"rendered":"Primeiro corte de a\u00e7o marca in\u00edcio da constru\u00e7\u00e3o da segunda fragata Classe Tamandar\u00e9"},"content":{"rendered":"<p>Foi realizado na quarta-feira (1), na thyssenkrupp Estaleiro Brasil Sul em Itaja\u00ed (SC), um evento interno para marcar o in\u00edcio do corte de a\u00e7o do segundo navio da Classe Tamandar\u00e9, que ser\u00e1 batizado de fragata &#8220;Jer\u00f4nimo de Albuquerque\u201d &#8211; F201. A constru\u00e7\u00e3o dessa embarca\u00e7\u00e3o seguir\u00e1 em paralelo \u00e0 edifica\u00e7\u00e3o da fragata \u201cTamandar\u00e9\u201d &#8211; F200, cujo lan\u00e7amento est\u00e1 previsto para ocorrer em meados de 2024.<\/p>\n<p>Conduzido desde 2017 pela Marinha do Brasil, executado pela \u00c1guas Azuis e gerenciado pela Emgepron, o Programa Fragatas Classe Tamandar\u00e9 (PFCT) \u00e9 um projeto naval desenvolvido no pa\u00eds, prevendo a constru\u00e7\u00e3o, em territ\u00f3rio nacional, de quatro navios de defesa de alta complexidade tecnol\u00f3gica. As embarca\u00e7\u00f5es devem atingir capacidade operacional para proteger as \u00c1guas Jurisdicionais Brasileiras (AJB), com transfer\u00eancia de tecnologia e o fomento \u00e0 ind\u00fastria local e constru\u00e7\u00e3o naval no pa\u00eds.<\/p>\n<p>Prev\u00ea-se que o Programa, como um todo, possa gerar cerca de dois mil empregos diretos e seis mil indiretos.<\/p>\n<p>Participaram do evento o vice-almirante Koga, da Marinha do Brasil; o vice-almirante Pontes Lima, da Empresa Gerencial de Projetos Navais (Emgepron); o CEO da \u00c1guas Azuis, Fernando Queiroz; o CEO da thyssenkrupp Estaleiro Brasil Sul, Holger Tepper, entre outros executivos das institui\u00e7\u00f5es envolvidas no PFCT. Cerca de 800 colaboradores que atuam no estaleiro tamb\u00e9m participaram da celebra\u00e7\u00e3o, que marcou ainda os tr\u00eas anos do Programa.<\/p>\n<p>A \u00c1guas Azuis \u00e9 uma Sociedade de Prop\u00f3sito Espec\u00edfico (SPE) estabelecida entre a thyssenkrupp Marine Systems, a Embraer Defesa &amp; Seguran\u00e7a e a Atech para a execu\u00e7\u00e3o do Programa Fragatas Classe Tamandar\u00e9 para a Marinha do Brasil.<\/p>\n<p>Fonte: Portos e Navios<\/p>\n","protected":false},"excerpt":{"rendered":"<p>Foi realizado na quarta-feira (1), na thyssenkrupp Estaleiro Brasil Sul em Itaja\u00ed (SC), um evento interno para marcar o in\u00edcio do corte de a\u00e7o do&#8230;<\/p>\n","protected":false},"author":1527,"featured_media":48208,"comment_status":"closed","ping_status":"closed","sticky":false,"template":"","format":"standard","meta":{"footnotes":""},"categories":[6],"tags":[],"class_list":["post-48207","post","type-post","status-publish","format-standard","has-post-thumbnail","hentry","category-noticias"],"_links":{"self":[{"href":"https:\/\/www.sincomam.org.br\/index.php\/wp-json\/wp\/v2\/posts\/48207","targetHints":{"allow":["GET"]}}],"collection":[{"href":"https:\/\/www.sincomam.org.br\/index.php\/wp-json\/wp\/v2\/posts"}],"about":[{"href":"https:\/\/www.sincomam.org.br\/index.php\/wp-json\/wp\/v2\/types\/post"}],"author":[{"embeddable":true,"href":"https:\/\/www.sincomam.org.br\/index.php\/wp-json\/wp\/v2\/users\/1527"}],"replies":[{"embeddable":true,"href":"https:\/\/www.sincomam.org.br\/index.php\/wp-json\/wp\/v2\/comments?post=48207"}],"version-history":[{"count":1,"href":"https:\/\/www.sincomam.org.br\/index.php\/wp-json\/wp\/v2\/posts\/48207\/revisions"}],"predecessor-version":[{"id":48209,"href":"https:\/\/www.sincomam.org.br\/index.php\/wp-json\/wp\/v2\/posts\/48207\/revisions\/48209"}],"wp:featuredmedia":[{"embeddable":true,"href":"https:\/\/www.sincomam.org.br\/index.php\/wp-json\/wp\/v2\/media\/48208"}],"wp:attachment":[{"href":"https:\/\/www.sincomam.org.br\/index.php\/wp-json\/wp\/v2\/media?parent=48207"}],"wp:term":[{"taxonomy":"category","embeddable":true,"href":"https:\/\/www.sincomam.org.br\/index.php\/wp-json\/wp\/v2\/categories?post=48207"},{"taxonomy":"post_tag","embeddable":true,"href":"https:\/\/www.sincomam.org.br\/index.php\/wp-json\/wp\/v2\/tags?post=48207"}],"curies":[{"name":"wp","href":"https:\/\/api.w.org\/{rel}","templated":true}]}}