{"id":48159,"date":"2023-10-31T08:29:54","date_gmt":"2023-10-31T11:29:54","guid":{"rendered":"http:\/\/www.sincomam.org.br\/?p=48159"},"modified":"2023-10-31T08:29:54","modified_gmt":"2023-10-31T11:29:54","slug":"mpor-e-portosrio-anunciam-descontos-na-tabela-tarifaria-do-porto-de-angra-dos-reis","status":"publish","type":"post","link":"https:\/\/www.sincomam.org.br\/index.php\/mpor-e-portosrio-anunciam-descontos-na-tabela-tarifaria-do-porto-de-angra-dos-reis\/","title":{"rendered":"MPor e PortosRio anunciam descontos na tabela tarif\u00e1ria do Porto de Angra dos Reis"},"content":{"rendered":"<p>O Minist\u00e9rio de Portos e Aeroportos (MPor) anunciou, na sexta-feira (27), um corte de 83% no valor da tarifa portu\u00e1ria da chamada Tabela 1 da Estrutura Tarif\u00e1ria do Porto de Angra dos Reis. O MPor tamb\u00e9m manter\u00e1 os descontos nas tarifas do Porto do Rio de Janeiro, que venceriam na pr\u00f3xima semana e podem chegar a 96%, dependendo da carga e capacidade das embarca\u00e7\u00f5es.<\/p>\n<p>Os cortes e a manuten\u00e7\u00e3o de descontos foram definidos ap\u00f3s a avalia\u00e7\u00e3o de estudos encomendados pelo MPor \u00e0 autoridade portu\u00e1ria PortosRio. O in\u00edcio da vig\u00eancia do corte no Porto de Angra dos Reis ser\u00e1 em at\u00e9 10 dias.<\/p>\n<p>Segundo o ministro de Portos e Aeroportos, Silvio Costa Filho, as medidas seguem as diretrizes do novo governo federal de alavancar a infraestrutura do setor portu\u00e1rio e tornar os portos p\u00fablicos mais competitivos, com impacto direto na cadeia log\u00edstica.<\/p>\n<p>\u201cCom o fomento do fluxo nesses portos, essas iniciativas v\u00e3o gerar emprego e renda para a popula\u00e7\u00e3o local, aquecendo a economia, uma das diretrizes do governo do presidente Lula\u201d, comentou.<\/p>\n<p>Fonte: Portos e Navios<\/p>\n","protected":false},"excerpt":{"rendered":"<p>O Minist\u00e9rio de Portos e Aeroportos (MPor) anunciou, na sexta-feira (27), um corte de 83% no valor da tarifa portu\u00e1ria da chamada Tabela 1 da&#8230;<\/p>\n","protected":false},"author":1527,"featured_media":48160,"comment_status":"closed","ping_status":"closed","sticky":false,"template":"","format":"standard","meta":{"footnotes":""},"categories":[6],"tags":[],"class_list":["post-48159","post","type-post","status-publish","format-standard","has-post-thumbnail","hentry","category-noticias"],"_links":{"self":[{"href":"https:\/\/www.sincomam.org.br\/index.php\/wp-json\/wp\/v2\/posts\/48159","targetHints":{"allow":["GET"]}}],"collection":[{"href":"https:\/\/www.sincomam.org.br\/index.php\/wp-json\/wp\/v2\/posts"}],"about":[{"href":"https:\/\/www.sincomam.org.br\/index.php\/wp-json\/wp\/v2\/types\/post"}],"author":[{"embeddable":true,"href":"https:\/\/www.sincomam.org.br\/index.php\/wp-json\/wp\/v2\/users\/1527"}],"replies":[{"embeddable":true,"href":"https:\/\/www.sincomam.org.br\/index.php\/wp-json\/wp\/v2\/comments?post=48159"}],"version-history":[{"count":1,"href":"https:\/\/www.sincomam.org.br\/index.php\/wp-json\/wp\/v2\/posts\/48159\/revisions"}],"predecessor-version":[{"id":48161,"href":"https:\/\/www.sincomam.org.br\/index.php\/wp-json\/wp\/v2\/posts\/48159\/revisions\/48161"}],"wp:featuredmedia":[{"embeddable":true,"href":"https:\/\/www.sincomam.org.br\/index.php\/wp-json\/wp\/v2\/media\/48160"}],"wp:attachment":[{"href":"https:\/\/www.sincomam.org.br\/index.php\/wp-json\/wp\/v2\/media?parent=48159"}],"wp:term":[{"taxonomy":"category","embeddable":true,"href":"https:\/\/www.sincomam.org.br\/index.php\/wp-json\/wp\/v2\/categories?post=48159"},{"taxonomy":"post_tag","embeddable":true,"href":"https:\/\/www.sincomam.org.br\/index.php\/wp-json\/wp\/v2\/tags?post=48159"}],"curies":[{"name":"wp","href":"https:\/\/api.w.org\/{rel}","templated":true}]}}