{"id":48155,"date":"2023-10-30T09:01:41","date_gmt":"2023-10-30T12:01:41","guid":{"rendered":"http:\/\/www.sincomam.org.br\/?p=48155"},"modified":"2023-10-30T09:01:41","modified_gmt":"2023-10-30T12:01:41","slug":"seca-ja-afeta-todos-os-62-municipios-do-amazonas","status":"publish","type":"post","link":"https:\/\/www.sincomam.org.br\/index.php\/seca-ja-afeta-todos-os-62-municipios-do-amazonas\/","title":{"rendered":"Seca j\u00e1 afeta todos os 62 munic\u00edpios do Amazonas"},"content":{"rendered":"<p>A forte seca no Amazonas agora afeta a todos os 62 munic\u00edpios do estado, segundo o boletim divulgado pela Defesa Civil estadual desta quinta-feira\u00a0(26). S\u00e3o 60 os munic\u00edpios que est\u00e3o em situa\u00e7\u00e3o de emerg\u00eancia, sendo que\u00a0Presidente Figueiredo e Apu\u00ed, antes\u00a0em situa\u00e7\u00e3o de normalidade, agora se encontram em estado de aten\u00e7\u00e3o. \u00a0At\u00e9 o momento, 608 mil pessoas e 152 mil fam\u00edlias foram afetadas pela seca deste ano.\u00a0<img decoding=\"async\" src=\"https:\/\/agenciabrasil.ebc.com.br\/ebc.png?id=1563287&amp;o=node\" \/><img decoding=\"async\" src=\"https:\/\/agenciabrasil.ebc.com.br\/ebc.gif?id=1563287&amp;o=node\" \/><\/p>\n<p>Segundo o boletim, no per\u00edodo de janeiro deste ano at\u00e9 25 de outubro foram registrados 18.170 focos de calor no estado, dos quais 2,5 mil\u00a0na regi\u00e3o metropolitana de Manaus. Somente em outubro, at\u00e9 o momento, foram 3.368 focos de calor, mais do que o dobro do mesmo per\u00edodo do ano passado, quando foram registrados 1.335 focos de calor.<\/p>\n<p>A Defesa Civil disse ainda que, no per\u00edodo de 12 de julho a 25 de outubro, o Corpo de Bombeiros combateu\u00a02.482 inc\u00eandios, dos quais 710 em Manaus e 1.772 no interior do estado.<\/p>\n<p>Na capital, Manaus, a seca \u00e9 a pior registrada em 121 anos. A cota do Rio Negro nesta sexta-feira se manteve em 12,7m, a menor j\u00e1 registrada desde 1902, quando come\u00e7aram as medi\u00e7\u00f5es do volume do rio. O recorde de alta j\u00e1 medida foi 30,02 metros em 16 de junho de 2021.<\/p>\n<p>O cen\u00e1rio ocorre no momento em que se intensifica o fen\u00f4meno El Ni\u00f1o, caracterizado pelo enfraquecimento dos ventos al\u00edsios (que sopram de leste para oeste) e pelo aquecimento anormal das \u00e1guas superficiais da por\u00e7\u00e3o leste da regi\u00e3o equatorial do Oceano Pac\u00edfico. Essas mudan\u00e7as na intera\u00e7\u00e3o entre a superf\u00edcie oce\u00e2nica e a baixa atmosfera ocorrem em intervalos de tempo que variam entre tr\u00eas e sete anos e t\u00eam consequ\u00eancias no clima em diferentes partes do planeta. Isso porque a din\u00e2mica das massas de ar no Oceano Pac\u00edfico adota novos padr\u00f5es de transporte de umidade, afetando a temperatura e a distribui\u00e7\u00e3o das chuvas.<\/p>\n<p>Fonte: Portos e Navios<\/p>\n","protected":false},"excerpt":{"rendered":"<p>A forte seca no Amazonas agora afeta a todos os 62 munic\u00edpios do estado, segundo o boletim divulgado pela Defesa Civil estadual desta quinta-feira\u00a0(26). S\u00e3o&#8230;<\/p>\n","protected":false},"author":1527,"featured_media":48156,"comment_status":"closed","ping_status":"closed","sticky":false,"template":"","format":"standard","meta":{"footnotes":""},"categories":[6],"tags":[],"class_list":["post-48155","post","type-post","status-publish","format-standard","has-post-thumbnail","hentry","category-noticias"],"_links":{"self":[{"href":"https:\/\/www.sincomam.org.br\/index.php\/wp-json\/wp\/v2\/posts\/48155","targetHints":{"allow":["GET"]}}],"collection":[{"href":"https:\/\/www.sincomam.org.br\/index.php\/wp-json\/wp\/v2\/posts"}],"about":[{"href":"https:\/\/www.sincomam.org.br\/index.php\/wp-json\/wp\/v2\/types\/post"}],"author":[{"embeddable":true,"href":"https:\/\/www.sincomam.org.br\/index.php\/wp-json\/wp\/v2\/users\/1527"}],"replies":[{"embeddable":true,"href":"https:\/\/www.sincomam.org.br\/index.php\/wp-json\/wp\/v2\/comments?post=48155"}],"version-history":[{"count":1,"href":"https:\/\/www.sincomam.org.br\/index.php\/wp-json\/wp\/v2\/posts\/48155\/revisions"}],"predecessor-version":[{"id":48157,"href":"https:\/\/www.sincomam.org.br\/index.php\/wp-json\/wp\/v2\/posts\/48155\/revisions\/48157"}],"wp:featuredmedia":[{"embeddable":true,"href":"https:\/\/www.sincomam.org.br\/index.php\/wp-json\/wp\/v2\/media\/48156"}],"wp:attachment":[{"href":"https:\/\/www.sincomam.org.br\/index.php\/wp-json\/wp\/v2\/media?parent=48155"}],"wp:term":[{"taxonomy":"category","embeddable":true,"href":"https:\/\/www.sincomam.org.br\/index.php\/wp-json\/wp\/v2\/categories?post=48155"},{"taxonomy":"post_tag","embeddable":true,"href":"https:\/\/www.sincomam.org.br\/index.php\/wp-json\/wp\/v2\/tags?post=48155"}],"curies":[{"name":"wp","href":"https:\/\/api.w.org\/{rel}","templated":true}]}}