{"id":48140,"date":"2023-10-30T08:50:52","date_gmt":"2023-10-30T11:50:52","guid":{"rendered":"http:\/\/www.sincomam.org.br\/?p=48140"},"modified":"2023-10-30T08:50:52","modified_gmt":"2023-10-30T11:50:52","slug":"comeca-a-temporada-de-cruzeiros-no-porto-do-rio","status":"publish","type":"post","link":"https:\/\/www.sincomam.org.br\/index.php\/comeca-a-temporada-de-cruzeiros-no-porto-do-rio\/","title":{"rendered":"Come\u00e7a a temporada de cruzeiros no Porto do Rio"},"content":{"rendered":"<p>A Temporada de Cruzeiros 2023\/2024 teve in\u00edcio no Porto do Rio de Janeiro na sexta-feira (dia 27), com a chegada do navio de expedi\u00e7\u00e3o de alto luxo &#8220;Scenic Eclipse&#8221;. At\u00e9 4 de maio, atracar\u00e3o ao todo 37 navios, dos quais 28 estrangeiros e nove nacionais, com um total de 120 escalas previstas e uma movimenta\u00e7\u00e3o estimada de 440 mil passageiros no Terminal Internacional de Cruzeiros Pier Mau\u00e1, no Porto do Rio.<\/p>\n<p>O &#8220;MSC Preziosa&#8221;, capaz de acomodar 4.379 passageiros, atracou no s\u00e1bado, dia 28, enquanto o elegante iate &#8220;Le Lyrial&#8221; chega nesta ter\u00e7a-feira (31). O terminal poder\u00e1 receber at\u00e9 quatro navios simult\u00e2neos em datas espec\u00edficas, casos do r\u00e9veillon e do carnaval.<\/p>\n<p>Nos preparativos para esta temporada, a PortosRio, autoridade portu\u00e1ria respons\u00e1vel pela administra\u00e7\u00e3o do porto, tomou medidas para garantir a seguran\u00e7a e a operacionalidade dos cruzeiros, incluindo levantamentos batim\u00e9tricos para verifica\u00e7\u00e3o da profundidade, servi\u00e7os de manuten\u00e7\u00e3o nas defensas e cabe\u00e7os, bem como a manuten\u00e7\u00e3o e a moderniza\u00e7\u00e3o do sistema de sinaliza\u00e7\u00e3o n\u00e1utica.<\/p>\n<p>Na temporada passada, que registrou 410.063 passageiros, 35 navios e 117 escalas, os cruzeiros tiveram um impacto significativo na economia local, com um valor estimado de R$ 996,2 milh\u00f5es.<\/p>\n<p>Fonte: PortosRio<\/p>\n","protected":false},"excerpt":{"rendered":"<p>A Temporada de Cruzeiros 2023\/2024 teve in\u00edcio no Porto do Rio de Janeiro na sexta-feira (dia 27), com a chegada do navio de expedi\u00e7\u00e3o de&#8230;<\/p>\n","protected":false},"author":1527,"featured_media":48141,"comment_status":"closed","ping_status":"closed","sticky":false,"template":"","format":"standard","meta":{"footnotes":""},"categories":[6],"tags":[],"class_list":["post-48140","post","type-post","status-publish","format-standard","has-post-thumbnail","hentry","category-noticias"],"_links":{"self":[{"href":"https:\/\/www.sincomam.org.br\/index.php\/wp-json\/wp\/v2\/posts\/48140","targetHints":{"allow":["GET"]}}],"collection":[{"href":"https:\/\/www.sincomam.org.br\/index.php\/wp-json\/wp\/v2\/posts"}],"about":[{"href":"https:\/\/www.sincomam.org.br\/index.php\/wp-json\/wp\/v2\/types\/post"}],"author":[{"embeddable":true,"href":"https:\/\/www.sincomam.org.br\/index.php\/wp-json\/wp\/v2\/users\/1527"}],"replies":[{"embeddable":true,"href":"https:\/\/www.sincomam.org.br\/index.php\/wp-json\/wp\/v2\/comments?post=48140"}],"version-history":[{"count":1,"href":"https:\/\/www.sincomam.org.br\/index.php\/wp-json\/wp\/v2\/posts\/48140\/revisions"}],"predecessor-version":[{"id":48142,"href":"https:\/\/www.sincomam.org.br\/index.php\/wp-json\/wp\/v2\/posts\/48140\/revisions\/48142"}],"wp:featuredmedia":[{"embeddable":true,"href":"https:\/\/www.sincomam.org.br\/index.php\/wp-json\/wp\/v2\/media\/48141"}],"wp:attachment":[{"href":"https:\/\/www.sincomam.org.br\/index.php\/wp-json\/wp\/v2\/media?parent=48140"}],"wp:term":[{"taxonomy":"category","embeddable":true,"href":"https:\/\/www.sincomam.org.br\/index.php\/wp-json\/wp\/v2\/categories?post=48140"},{"taxonomy":"post_tag","embeddable":true,"href":"https:\/\/www.sincomam.org.br\/index.php\/wp-json\/wp\/v2\/tags?post=48140"}],"curies":[{"name":"wp","href":"https:\/\/api.w.org\/{rel}","templated":true}]}}