{"id":48128,"date":"2023-10-27T01:19:17","date_gmt":"2023-10-27T04:19:17","guid":{"rendered":"http:\/\/www.sincomam.org.br\/?p=48128"},"modified":"2023-10-27T01:19:17","modified_gmt":"2023-10-27T04:19:17","slug":"relator-vota-pela-inelegibilidade-do-ex-presidente-jair-bolsonaro","status":"publish","type":"post","link":"https:\/\/www.sincomam.org.br\/index.php\/relator-vota-pela-inelegibilidade-do-ex-presidente-jair-bolsonaro\/","title":{"rendered":"Relator vota pela inelegibilidade do ex-presidente Jair Bolsonaro"},"content":{"rendered":"<p>O ministro Benedito Gon\u00e7alves, do Tribunal Superior Eleitoral (TSE), votou nesta quinta-feira (26) pela condena\u00e7\u00e3o do ex-presidente Jair Bolsonaro por abuso de poder pol\u00edtico e econ\u00f4mico pelas comemora\u00e7\u00f5es de 7 de setembro de 2022. Se o voto do ministro relator prevalecer, Bolsonaro ser\u00e1 condenado \u00e0 inelegibilidade por 8 anos,\u00a0pela segunda vez.<img decoding=\"async\" src=\"https:\/\/agenciabrasil.ebc.com.br\/ebc.png?id=1562937&amp;o=node\" \/><img decoding=\"async\" src=\"https:\/\/agenciabrasil.ebc.com.br\/ebc.gif?id=1562937&amp;o=node\" \/><\/p>\n<p>Gon\u00e7alves entendeu que Bolsonaro usou a estrutura do evento para promover sua candidatura \u00e0 reelei\u00e7\u00e3o. Bolsonaro tamb\u00e9m foi multado em R$ 425 mil.<\/p>\n<p>Ap\u00f3s o voto do ministro, o julgamento prossegue para a tomada dos votos dos demais seis ministros do TSE.<\/p>\n<p>Segundo o ministro, em Bras\u00edlia as irregularidades aconteceram por meio de uma entrevista de Bolsonaro \u00e0\u00a0TV Brasil, usando a faixa presidencial, antes do in\u00edcio do desfile; pela autoriza\u00e7\u00e3o do governo para que tratores de agricultores apoiadores do ex-presidente participassem do desfile militar; participa\u00e7\u00e3o do empres\u00e1rio Luciano Hang no palanque oficial e autoriza\u00e7\u00e3o para entrada de um trio el\u00e9trico na Esplanada dos Minist\u00e9rios para realiza\u00e7\u00e3o do com\u00edcio de Bolsonaro ap\u00f3s o desfile.<\/p>\n<p>No Rio de Janeiro, segundo o relator, as irregularidades ocorreram com o deslocamento de Bolsonaro, no avi\u00e3o presidencial, para participar de outro com\u00edcio, paralelo ao evento c\u00edvico-militar e pela transfer\u00eancia in\u00e9dita do desfile militar do centro da cidade para a orla da praia de Copacabana, local que se caracterizou pela presen\u00e7a de apoiadores de Bolsonaro durante a campanha eleitoral.<\/p>\n<p>&#8220;Restou demonstrada a pratica de condutas de extrema gravidade, tanto sob a \u00f3tica das condutas vedadas prevista em lei, quando sob a \u00f3tica do abuso de poder pol\u00edtico e econ\u00f4mico\u201d.<\/p>\n<p>O ministro tamb\u00e9m votou pela aplica\u00e7\u00e3o de multa de R$ 212 mil ao general Braga Netto, vice na chapa de Bolsonaro. Para Gon\u00e7alves, o candidato teve ci\u00eancia das irregularidades e participou dos com\u00edcios.<\/p>\n<p>Nas a\u00e7\u00f5es, o PDT e a senadora Soraya Thronicke (Podemos-MS) pedem a inelegibilidade de Bolsonaro, al\u00e9m da aplica\u00e7\u00e3o de multa, pela acusa\u00e7\u00e3o de utiliza\u00e7\u00e3o das comemora\u00e7\u00f5es do Bicenten\u00e1rio da Independ\u00eancia, em Bras\u00edlia e no Rio de Janeiro, para promover sua candidatura \u00e0 reelei\u00e7\u00e3o nas elei\u00e7\u00f5es de outubro do ano passado.<\/p>\n<h2>Defesa<\/h2>\n<p>Na primeira sess\u00e3o do julgamento, realizada na ter\u00e7a-feira (24), a defesa de Bolsonaro disse que o ex-presidente n\u00e3o usou a comemora\u00e7\u00e3o do 7 de setembro para sua candidatura.<\/p>\n<p>De acordo com a defesa, Bolsonaro deixou o palanque oficial e foi at\u00e9 outra parte da Esplanada dos Minist\u00e9rios, onde um carro de som estava preparado pela campanha, sem vincula\u00e7\u00e3o com o evento c\u00edvico.<\/p>\n<p>Fonte: Ag\u00eancia Brasil<\/p>\n","protected":false},"excerpt":{"rendered":"<p>O ministro Benedito Gon\u00e7alves, do Tribunal Superior Eleitoral (TSE), votou nesta quinta-feira (26) pela condena\u00e7\u00e3o do ex-presidente Jair Bolsonaro por abuso de poder pol\u00edtico e&#8230;<\/p>\n","protected":false},"author":1527,"featured_media":48129,"comment_status":"closed","ping_status":"closed","sticky":false,"template":"","format":"standard","meta":{"footnotes":""},"categories":[6],"tags":[],"class_list":["post-48128","post","type-post","status-publish","format-standard","has-post-thumbnail","hentry","category-noticias"],"_links":{"self":[{"href":"https:\/\/www.sincomam.org.br\/index.php\/wp-json\/wp\/v2\/posts\/48128","targetHints":{"allow":["GET"]}}],"collection":[{"href":"https:\/\/www.sincomam.org.br\/index.php\/wp-json\/wp\/v2\/posts"}],"about":[{"href":"https:\/\/www.sincomam.org.br\/index.php\/wp-json\/wp\/v2\/types\/post"}],"author":[{"embeddable":true,"href":"https:\/\/www.sincomam.org.br\/index.php\/wp-json\/wp\/v2\/users\/1527"}],"replies":[{"embeddable":true,"href":"https:\/\/www.sincomam.org.br\/index.php\/wp-json\/wp\/v2\/comments?post=48128"}],"version-history":[{"count":1,"href":"https:\/\/www.sincomam.org.br\/index.php\/wp-json\/wp\/v2\/posts\/48128\/revisions"}],"predecessor-version":[{"id":48130,"href":"https:\/\/www.sincomam.org.br\/index.php\/wp-json\/wp\/v2\/posts\/48128\/revisions\/48130"}],"wp:featuredmedia":[{"embeddable":true,"href":"https:\/\/www.sincomam.org.br\/index.php\/wp-json\/wp\/v2\/media\/48129"}],"wp:attachment":[{"href":"https:\/\/www.sincomam.org.br\/index.php\/wp-json\/wp\/v2\/media?parent=48128"}],"wp:term":[{"taxonomy":"category","embeddable":true,"href":"https:\/\/www.sincomam.org.br\/index.php\/wp-json\/wp\/v2\/categories?post=48128"},{"taxonomy":"post_tag","embeddable":true,"href":"https:\/\/www.sincomam.org.br\/index.php\/wp-json\/wp\/v2\/tags?post=48128"}],"curies":[{"name":"wp","href":"https:\/\/api.w.org\/{rel}","templated":true}]}}