{"id":48125,"date":"2023-10-27T01:17:14","date_gmt":"2023-10-27T04:17:14","guid":{"rendered":"http:\/\/www.sincomam.org.br\/?p=48125"},"modified":"2023-10-27T01:17:14","modified_gmt":"2023-10-27T04:17:14","slug":"unindo-forcas-pelo-trafego-aquaviario-reuniao-funcional-grupo-nordeste-i","status":"publish","type":"post","link":"https:\/\/www.sincomam.org.br\/index.php\/unindo-forcas-pelo-trafego-aquaviario-reuniao-funcional-grupo-nordeste-i\/","title":{"rendered":"Unindo For\u00e7as pelo Tr\u00e1fego Aquavi\u00e1rio: Reuni\u00e3o Funcional Grupo Nordeste I"},"content":{"rendered":"<p>Entre os dias 16 e 19 de outubro, a\u00a0Capitania dos Portos de Pernambuco (CPPE)\u00a0foi o epicentro de importantes discuss\u00f5es sobre o tr\u00e1fego aquavi\u00e1rio no Nordeste. A Reuni\u00e3o Funcional do Grupo Nordeste I teve como principal objetivo a padroniza\u00e7\u00e3o e o aperfei\u00e7oamento dos procedimentos operativos. Estes procedimentos s\u00e3o cruciais para as atividades das Organiza\u00e7\u00f5es Militares e para os componentes do Sistema de Seguran\u00e7a do Tr\u00e1fego Aquavi\u00e1rio, abrangendo estados como Bahia, Pernambuco, Alagoas, Sergipe e at\u00e9 o munic\u00edpio de Juazeiro.<\/p>\n<p><strong>Presen\u00e7as Not\u00e1veis<\/strong><\/p>\n<p>A reuni\u00e3o contou com a presen\u00e7a de autoridades de alto escal\u00e3o. Foi presidida pelo Diretor de Portos e Costas,\u00a0Vice-Almirante S\u00e9rgio Renato Berna Salgueirinho. Tamb\u00e9m marcou presen\u00e7a o Comandante do 3\u00ba Distrito Naval,\u00a0Vice-Almirante Alexander Reis Leite. Os Capit\u00e3es dos Portos dos estados envolvidos n\u00e3o apenas participaram, mas tamb\u00e9m proferiram palestras, compartilhando conhecimentos e experi\u00eancias. A reuni\u00e3o ainda contou com representantes da\u00a0Diretoria de Portos e Costa (DPC)\u00a0e da\u00a0Diretoria-Geral de Navega\u00e7\u00e3o (DireGN), refor\u00e7ando a import\u00e2ncia do evento.<\/p>\n<div class=\"td-a-rec td-a-rec-id-content_inline  tdi_2 td_block_template_11\">\n<p><strong>Visita ao Complexo Portu\u00e1rio de Suape<\/strong><\/p>\n<p>Um dos momentos mais significativos da reuni\u00e3o foi a visita ao complexo portu\u00e1rio de Suape. Este porto \u00e9 um dos mais importantes do Nordeste e do Brasil. Durante a visita, representantes da DPC, da DireGN e os capit\u00e3es dos portos discutiram quest\u00f5es operacionais e ambientais. Estas discuss\u00f5es s\u00e3o fundamentais para garantir que o porto opere de maneira eficiente, segura e sustent\u00e1vel.<\/p>\n<p>A Reuni\u00e3o Funcional do Grupo Nordeste I \u00e9 um exemplo claro do compromisso das autoridades mar\u00edtimas em garantir a seguran\u00e7a, efici\u00eancia e sustentabilidade do tr\u00e1fego aquavi\u00e1rio no Nordeste. Atrav\u00e9s de discuss\u00f5es produtivas e visitas t\u00e9cnicas, busca-se sempre o aprimoramento e a excel\u00eancia nas opera\u00e7\u00f5es portu\u00e1rias.<\/p>\n<p>Fonte: Defesa em Foco<\/p>\n<\/div>\n","protected":false},"excerpt":{"rendered":"<p>Entre os dias 16 e 19 de outubro, a\u00a0Capitania dos Portos de Pernambuco (CPPE)\u00a0foi o epicentro de importantes discuss\u00f5es sobre o tr\u00e1fego aquavi\u00e1rio no Nordeste&#8230;.<\/p>\n","protected":false},"author":1527,"featured_media":48126,"comment_status":"closed","ping_status":"closed","sticky":false,"template":"","format":"standard","meta":{"footnotes":""},"categories":[6],"tags":[],"class_list":["post-48125","post","type-post","status-publish","format-standard","has-post-thumbnail","hentry","category-noticias"],"_links":{"self":[{"href":"https:\/\/www.sincomam.org.br\/index.php\/wp-json\/wp\/v2\/posts\/48125","targetHints":{"allow":["GET"]}}],"collection":[{"href":"https:\/\/www.sincomam.org.br\/index.php\/wp-json\/wp\/v2\/posts"}],"about":[{"href":"https:\/\/www.sincomam.org.br\/index.php\/wp-json\/wp\/v2\/types\/post"}],"author":[{"embeddable":true,"href":"https:\/\/www.sincomam.org.br\/index.php\/wp-json\/wp\/v2\/users\/1527"}],"replies":[{"embeddable":true,"href":"https:\/\/www.sincomam.org.br\/index.php\/wp-json\/wp\/v2\/comments?post=48125"}],"version-history":[{"count":1,"href":"https:\/\/www.sincomam.org.br\/index.php\/wp-json\/wp\/v2\/posts\/48125\/revisions"}],"predecessor-version":[{"id":48127,"href":"https:\/\/www.sincomam.org.br\/index.php\/wp-json\/wp\/v2\/posts\/48125\/revisions\/48127"}],"wp:featuredmedia":[{"embeddable":true,"href":"https:\/\/www.sincomam.org.br\/index.php\/wp-json\/wp\/v2\/media\/48126"}],"wp:attachment":[{"href":"https:\/\/www.sincomam.org.br\/index.php\/wp-json\/wp\/v2\/media?parent=48125"}],"wp:term":[{"taxonomy":"category","embeddable":true,"href":"https:\/\/www.sincomam.org.br\/index.php\/wp-json\/wp\/v2\/categories?post=48125"},{"taxonomy":"post_tag","embeddable":true,"href":"https:\/\/www.sincomam.org.br\/index.php\/wp-json\/wp\/v2\/tags?post=48125"}],"curies":[{"name":"wp","href":"https:\/\/api.w.org\/{rel}","templated":true}]}}