{"id":48112,"date":"2023-10-26T07:45:45","date_gmt":"2023-10-26T10:45:45","guid":{"rendered":"http:\/\/www.sincomam.org.br\/?p=48112"},"modified":"2023-10-25T23:40:00","modified_gmt":"2023-10-26T02:40:00","slug":"governo-federal-promete-medidas-para-a-seguranca-do-rio-de-janeiro","status":"publish","type":"post","link":"https:\/\/www.sincomam.org.br\/index.php\/governo-federal-promete-medidas-para-a-seguranca-do-rio-de-janeiro\/","title":{"rendered":"Governo federal promete medidas para a seguran\u00e7a do Rio de Janeiro"},"content":{"rendered":"<p>O presidente Luiz In\u00e1cio Lula da Silva deve anunciar na pr\u00f3xima semana um pacote de medidas para refor\u00e7ar a seguran\u00e7a no estado do Rio de Janeiro. Segundo o ministro da Justi\u00e7a e Seguran\u00e7a P\u00fablica, Fl\u00e1vio Dino, al\u00e9m do aumento da presen\u00e7a policial e das for\u00e7as armadas, as medidas devem envolver estrat\u00e9gias para o incremento da tecnologia.\u00a0<img decoding=\"async\" src=\"https:\/\/agenciabrasil.ebc.com.br\/ebc.png?id=1562903&amp;o=node\" \/><img decoding=\"async\" src=\"https:\/\/agenciabrasil.ebc.com.br\/ebc.gif?id=1562903&amp;o=node\" \/><\/p>\n<p>\u201cA quest\u00e3o central para vencer as mil\u00edcias e organiza\u00e7\u00f5es criminosas de um modo geral envolve intelig\u00eancia, tecnologia e descapitaliza\u00e7\u00e3o. Esses s\u00e3o os eixos que o mundo\u00a0inteiro reconhece como virtuosos no rompimento desse dom\u00ednio territorial de organiza\u00e7\u00f5es criminosas\u201d, disse Dino nesta quarta-feira (25), ap\u00f3s reuni\u00e3o no Pal\u00e1cio do Planalto.<\/p>\n<p>O ministro disse que a orienta\u00e7\u00e3o do presidente Lula vai na dire\u00e7\u00e3o do refor\u00e7o da presen\u00e7a\u00a0federal no Rio de Janeiro, mantendo o trabalho de coopera\u00e7\u00e3o entre for\u00e7as federais e estaduais de acordo com as compet\u00eancias de cada uma. Segundo ele, h\u00e1 um estudo em fase conclusiva que ser\u00e1 apresentado ao presidente na pr\u00f3xima semana visando o fortalecimento de tr\u00eas \u00e1reas de compet\u00eancia federal: os portos, os aeroportos e as fronteiras terrestres brasileiras.<\/p>\n<p>\u201cIsso n\u00e3o envolve a divisa do Rio de Janeiro com outros estados, que j\u00e1 est\u00e3o exatamente sendo objeto de atua\u00e7\u00e3o da For\u00e7a Nacional com a Pol\u00edcia Rodovi\u00e1ria Federal. Me refiro \u00e0s fronteiras brasileiras, porque isso \u00e9 relevante para o tr\u00e1fico de drogas e armas que atinge fortemente o sudeste\u201d, explicou Dino.<\/p>\n<h2>Defesa<\/h2>\n<p>O governador do estado, Cl\u00e1udio Castro,\u00a0pediu ao\u00a0ministro da Defesa, Jos\u00e9 M\u00facio Monteiro,\u00a0refor\u00e7o para a seguran\u00e7a na Ba\u00eda da Guanabara, em portos, aeroportos e em estradas federais para combater a entrada de armas e drogas no estado.<\/p>\n<p>Depois de uma opera\u00e7\u00e3o da Pol\u00edcia Civil que terminou com um l\u00edder miliciano morto na \u00faltima segunda-feira, comparsas promoveram\u00a0um dia de caos\u00a0em ao menos sete bairros da zona oeste da capital carioca. Foram queimados 35 \u00f4nibus, e at\u00e9 mesmo a cabine de um trem foi incendiada.<\/p>\n<p>Fonte: Ag\u00eancia Brasil<\/p>\n","protected":false},"excerpt":{"rendered":"<p>O presidente Luiz In\u00e1cio Lula da Silva deve anunciar na pr\u00f3xima semana um pacote de medidas para refor\u00e7ar a seguran\u00e7a no estado do Rio de&#8230;<\/p>\n","protected":false},"author":1527,"featured_media":48113,"comment_status":"closed","ping_status":"closed","sticky":false,"template":"","format":"standard","meta":{"footnotes":""},"categories":[6],"tags":[],"class_list":["post-48112","post","type-post","status-publish","format-standard","has-post-thumbnail","hentry","category-noticias"],"_links":{"self":[{"href":"https:\/\/www.sincomam.org.br\/index.php\/wp-json\/wp\/v2\/posts\/48112","targetHints":{"allow":["GET"]}}],"collection":[{"href":"https:\/\/www.sincomam.org.br\/index.php\/wp-json\/wp\/v2\/posts"}],"about":[{"href":"https:\/\/www.sincomam.org.br\/index.php\/wp-json\/wp\/v2\/types\/post"}],"author":[{"embeddable":true,"href":"https:\/\/www.sincomam.org.br\/index.php\/wp-json\/wp\/v2\/users\/1527"}],"replies":[{"embeddable":true,"href":"https:\/\/www.sincomam.org.br\/index.php\/wp-json\/wp\/v2\/comments?post=48112"}],"version-history":[{"count":1,"href":"https:\/\/www.sincomam.org.br\/index.php\/wp-json\/wp\/v2\/posts\/48112\/revisions"}],"predecessor-version":[{"id":48114,"href":"https:\/\/www.sincomam.org.br\/index.php\/wp-json\/wp\/v2\/posts\/48112\/revisions\/48114"}],"wp:featuredmedia":[{"embeddable":true,"href":"https:\/\/www.sincomam.org.br\/index.php\/wp-json\/wp\/v2\/media\/48113"}],"wp:attachment":[{"href":"https:\/\/www.sincomam.org.br\/index.php\/wp-json\/wp\/v2\/media?parent=48112"}],"wp:term":[{"taxonomy":"category","embeddable":true,"href":"https:\/\/www.sincomam.org.br\/index.php\/wp-json\/wp\/v2\/categories?post=48112"},{"taxonomy":"post_tag","embeddable":true,"href":"https:\/\/www.sincomam.org.br\/index.php\/wp-json\/wp\/v2\/tags?post=48112"}],"curies":[{"name":"wp","href":"https:\/\/api.w.org\/{rel}","templated":true}]}}