{"id":48087,"date":"2023-10-25T10:06:16","date_gmt":"2023-10-25T13:06:16","guid":{"rendered":"http:\/\/www.sincomam.org.br\/?p=48087"},"modified":"2023-10-25T10:06:16","modified_gmt":"2023-10-25T13:06:16","slug":"bahia-em-foco-o-mar-como-motor-da-economia-estadual","status":"publish","type":"post","link":"https:\/\/www.sincomam.org.br\/index.php\/bahia-em-foco-o-mar-como-motor-da-economia-estadual\/","title":{"rendered":"Bahia em Foco: O Mar como Motor da Economia Estadual"},"content":{"rendered":"<p>A Bahia, com suas belas praias e rica cultura litor\u00e2nea, tem no mar um de seus principais ativos econ\u00f4micos. No dia 24 de outubro, a\u00a0Assembleia Legislativa da Bahia (ALBA)\u00a0promoveu uma sess\u00e3o especial para debater a \u201cEconomia do Mar, perspectivas e desafios\u201d. O setor, que j\u00e1 movimenta anualmente cerca de R$ 80 bilh\u00f5es no estado e impressionantes R$ 2 trilh\u00f5es na economia nacional, foi o centro das discuss\u00f5es, evidenciando sua relev\u00e2ncia para o desenvolvimento socioecon\u00f4mico da regi\u00e3o.<\/p>\n<p><strong>Iniciativas Legislativas para Impulsionar a Economia do Mar<\/strong><\/p>\n<p>O encontro, proposto pelo\u00a0Deputado Eduardo Salles\u00a0e presidido pelo\u00a0Deputado Adolfo Menezes, teve como destaque a apresenta\u00e7\u00e3o do Projeto de Lei n\u00b0 25.085\/2023. Esta proposta legislativa visa estabelecer a Pol\u00edtica Estadual de Incentivo da Economia do Mar, criando um arcabou\u00e7o legal que permitir\u00e1 ao Poder Executivo incentivar diversas atividades ligadas ao setor mar\u00edtimo. A iniciativa demonstra o compromisso dos parlamentares em reconhecer e potencializar a for\u00e7a da economia mar\u00edtima para o progresso da Bahia.<\/p>\n<div class=\"td-a-rec td-a-rec-id-content_inline tdi_2 td_block_template_11\">\n<p><strong>Participa\u00e7\u00f5es Not\u00e1veis e Debates Produtivos<\/strong><\/p>\n<\/div>\n<p>A sess\u00e3o contou com a presen\u00e7a de importantes atores do setor mar\u00edtimo, incluindo representantes da\u00a0Marinha do Brasil, empres\u00e1rios e especialistas em Economia do Mar. Entre os destaques, estiveram as apresenta\u00e7\u00f5es do\u00a0Comandante do 2\u00ba Distrito Naval, Vice-Almirante Antonio Carlos Cambra, e do\u00a0Secret\u00e1rio da Comiss\u00e3o Interministerial para os Recursos do Mar, Contra-Almirante Ricardo Jaques Ferreira. Ambos abordaram temas cruciais, como a economia mar\u00edtima na Bahia e o planejamento espacial marinho. Al\u00e9m disso, secret\u00e1rios estaduais e municipais tamb\u00e9m marcaram presen\u00e7a, refor\u00e7ando a import\u00e2ncia do debate para a gest\u00e3o p\u00fablica.<\/p>\n<p>A Bahia, com sua vasta costa e tradi\u00e7\u00e3o mar\u00edtima, tem no mar uma fonte inesgot\u00e1vel de oportunidades econ\u00f4micas. A sess\u00e3o especial da ALBA refor\u00e7a o compromisso do estado em explorar esse potencial, buscando solu\u00e7\u00f5es inovadoras e sustent\u00e1veis para garantir um futuro pr\u00f3spero para todos os baianos.<\/p>\n<p>Fonte: Defesa em Foco<\/p>\n","protected":false},"excerpt":{"rendered":"<p>A Bahia, com suas belas praias e rica cultura litor\u00e2nea, tem no mar um de seus principais ativos econ\u00f4micos. No dia 24 de outubro, a\u00a0Assembleia&#8230;<\/p>\n","protected":false},"author":1527,"featured_media":48088,"comment_status":"closed","ping_status":"closed","sticky":false,"template":"","format":"standard","meta":{"footnotes":""},"categories":[6],"tags":[],"class_list":["post-48087","post","type-post","status-publish","format-standard","has-post-thumbnail","hentry","category-noticias"],"_links":{"self":[{"href":"https:\/\/www.sincomam.org.br\/index.php\/wp-json\/wp\/v2\/posts\/48087","targetHints":{"allow":["GET"]}}],"collection":[{"href":"https:\/\/www.sincomam.org.br\/index.php\/wp-json\/wp\/v2\/posts"}],"about":[{"href":"https:\/\/www.sincomam.org.br\/index.php\/wp-json\/wp\/v2\/types\/post"}],"author":[{"embeddable":true,"href":"https:\/\/www.sincomam.org.br\/index.php\/wp-json\/wp\/v2\/users\/1527"}],"replies":[{"embeddable":true,"href":"https:\/\/www.sincomam.org.br\/index.php\/wp-json\/wp\/v2\/comments?post=48087"}],"version-history":[{"count":1,"href":"https:\/\/www.sincomam.org.br\/index.php\/wp-json\/wp\/v2\/posts\/48087\/revisions"}],"predecessor-version":[{"id":48089,"href":"https:\/\/www.sincomam.org.br\/index.php\/wp-json\/wp\/v2\/posts\/48087\/revisions\/48089"}],"wp:featuredmedia":[{"embeddable":true,"href":"https:\/\/www.sincomam.org.br\/index.php\/wp-json\/wp\/v2\/media\/48088"}],"wp:attachment":[{"href":"https:\/\/www.sincomam.org.br\/index.php\/wp-json\/wp\/v2\/media?parent=48087"}],"wp:term":[{"taxonomy":"category","embeddable":true,"href":"https:\/\/www.sincomam.org.br\/index.php\/wp-json\/wp\/v2\/categories?post=48087"},{"taxonomy":"post_tag","embeddable":true,"href":"https:\/\/www.sincomam.org.br\/index.php\/wp-json\/wp\/v2\/tags?post=48087"}],"curies":[{"name":"wp","href":"https:\/\/api.w.org\/{rel}","templated":true}]}}