{"id":48084,"date":"2023-10-25T10:05:11","date_gmt":"2023-10-25T13:05:11","guid":{"rendered":"http:\/\/www.sincomam.org.br\/?p=48084"},"modified":"2023-10-25T10:05:11","modified_gmt":"2023-10-25T13:05:11","slug":"brasil-na-antartica-uma-jornada-de-descobertas-e-preservacao","status":"publish","type":"post","link":"https:\/\/www.sincomam.org.br\/index.php\/brasil-na-antartica-uma-jornada-de-descobertas-e-preservacao\/","title":{"rendered":"Brasil na Ant\u00e1rtica: Uma Jornada de Descobertas e Preserva\u00e7\u00e3o"},"content":{"rendered":"<p>O m\u00eas de outubro de 2023 foi o marco do in\u00edcio de uma das mais ambiciosas miss\u00f5es brasileiras no continente ant\u00e1rtico: a 42\u00aa Opera\u00e7\u00e3o Ant\u00e1rtica. Sob a \u00e9gide do\u00a0Programa Ant\u00e1rtico Brasileiro (Proantar), dois navios, o \u201cAry Rongel\u201d e o \u201cAlmirante Maximiano\u201d, partiram da Base Naval da Ilha das Cobras, no Rio de Janeiro, rumo ao extremo sul do planeta. A bordo, cerca de 150 pesquisadores est\u00e3o prontos para desenvolver 23 projetos cient\u00edficos, que v\u00e3o desde estudos sobre a biodiversidade at\u00e9 an\u00e1lises atmosf\u00e9ricas que ajudam a compreender fen\u00f4menos clim\u00e1ticos que afetam o Brasil.<\/p>\n<p><strong>A Import\u00e2ncia da Pesquisa In Loco<\/strong><\/p>\n<p>A coordenadora-geral de Ci\u00eancias para Oceano e Ant\u00e1rtica do MCTI, Andr\u00e9a Cancela da Cruz, destaca a singularidade da Ant\u00e1rtica como um \u201claborat\u00f3rio natural\u201d com m\u00ednima interfer\u00eancia humana. O\u00a0Proantar\u00a0n\u00e3o \u00e9 apenas uma iniciativa de um governo espec\u00edfico, mas um programa de Estado que, h\u00e1 42 anos, realiza pesquisas cont\u00ednuas na regi\u00e3o, independentemente das mudan\u00e7as pol\u00edticas. O MCTI, enquanto gestor cient\u00edfico do programa, n\u00e3o s\u00f3 apoia as pesquisas, mas tamb\u00e9m se dedica \u00e0 divulga\u00e7\u00e3o dos resultados, sensibilizando a sociedade sobre a crucial import\u00e2ncia da preserva\u00e7\u00e3o da Ant\u00e1rtica e dos ecossistemas globais.<\/p>\n<div class=\"td-a-rec td-a-rec-id-content_inline tdi_2 td_block_template_11\">\n<p><strong>Conquistas e o Futuro da Pesquisa Ant\u00e1rtica<\/strong><\/p>\n<\/div>\n<p>Ao longo das d\u00e9cadas, o Brasil tem sido protagonista em diversas pesquisas no continente gelado. Estudos sobre oceanografia, biodiversidade com potencial farmac\u00eautico, e an\u00e1lises atmosf\u00e9ricas s\u00e3o apenas alguns exemplos do impacto positivo do Proantar. Leandro Pedron, diretor do Departamento de Programas Tem\u00e1ticos da Secretaria de Pol\u00edticas e Programas Estrat\u00e9gicos do MCTI, refor\u00e7a a import\u00e2ncia da 42\u00aa Opera\u00e7\u00e3o Ant\u00e1rtica para a pesquisa cient\u00edfica e a preserva\u00e7\u00e3o ambiental. Al\u00e9m disso, h\u00e1 grandes expectativas para 2025, quando um novo Navio Polar ser\u00e1 incorporado ao programa, fortalecendo ainda mais a presen\u00e7a e compet\u00eancia brasileira na regi\u00e3o.<\/p>\n<p><strong>Compromisso Internacional<\/strong><\/p>\n<p>O Brasil n\u00e3o apenas realiza pesquisas na Ant\u00e1rtica, mas tamb\u00e9m tem um papel ativo nas decis\u00f5es sobre o futuro do continente, gra\u00e7as \u00e0 sua condi\u00e7\u00e3o de membro consultivo do\u00a0Tratado da Ant\u00e1rtica. Haynnee Trad Souza, encarregada da Divis\u00e3o de Rela\u00e7\u00f5es Internacionais do PROANTAR, destaca que o programa \u00e9 essencial para que o Brasil mantenha essa posi\u00e7\u00e3o influente e continue a cooperar com outros pa\u00edses na preserva\u00e7\u00e3o e estudo desse ambiente \u00fanico.<\/p>\n<p>Fonte: Defesa em Foco<\/p>\n","protected":false},"excerpt":{"rendered":"<p>O m\u00eas de outubro de 2023 foi o marco do in\u00edcio de uma das mais ambiciosas miss\u00f5es brasileiras no continente ant\u00e1rtico: a 42\u00aa Opera\u00e7\u00e3o Ant\u00e1rtica&#8230;.<\/p>\n","protected":false},"author":1527,"featured_media":48085,"comment_status":"closed","ping_status":"closed","sticky":false,"template":"","format":"standard","meta":{"footnotes":""},"categories":[6],"tags":[],"class_list":["post-48084","post","type-post","status-publish","format-standard","has-post-thumbnail","hentry","category-noticias"],"_links":{"self":[{"href":"https:\/\/www.sincomam.org.br\/index.php\/wp-json\/wp\/v2\/posts\/48084","targetHints":{"allow":["GET"]}}],"collection":[{"href":"https:\/\/www.sincomam.org.br\/index.php\/wp-json\/wp\/v2\/posts"}],"about":[{"href":"https:\/\/www.sincomam.org.br\/index.php\/wp-json\/wp\/v2\/types\/post"}],"author":[{"embeddable":true,"href":"https:\/\/www.sincomam.org.br\/index.php\/wp-json\/wp\/v2\/users\/1527"}],"replies":[{"embeddable":true,"href":"https:\/\/www.sincomam.org.br\/index.php\/wp-json\/wp\/v2\/comments?post=48084"}],"version-history":[{"count":1,"href":"https:\/\/www.sincomam.org.br\/index.php\/wp-json\/wp\/v2\/posts\/48084\/revisions"}],"predecessor-version":[{"id":48086,"href":"https:\/\/www.sincomam.org.br\/index.php\/wp-json\/wp\/v2\/posts\/48084\/revisions\/48086"}],"wp:featuredmedia":[{"embeddable":true,"href":"https:\/\/www.sincomam.org.br\/index.php\/wp-json\/wp\/v2\/media\/48085"}],"wp:attachment":[{"href":"https:\/\/www.sincomam.org.br\/index.php\/wp-json\/wp\/v2\/media?parent=48084"}],"wp:term":[{"taxonomy":"category","embeddable":true,"href":"https:\/\/www.sincomam.org.br\/index.php\/wp-json\/wp\/v2\/categories?post=48084"},{"taxonomy":"post_tag","embeddable":true,"href":"https:\/\/www.sincomam.org.br\/index.php\/wp-json\/wp\/v2\/tags?post=48084"}],"curies":[{"name":"wp","href":"https:\/\/api.w.org\/{rel}","templated":true}]}}