{"id":48081,"date":"2023-10-25T10:01:13","date_gmt":"2023-10-25T13:01:13","guid":{"rendered":"http:\/\/www.sincomam.org.br\/?p=48081"},"modified":"2023-10-25T10:01:13","modified_gmt":"2023-10-25T13:01:13","slug":"apexbrasil-e-empresas-exportadoras-tracam-novo-mapa-de-investimentos-na-america-do-sul","status":"publish","type":"post","link":"https:\/\/www.sincomam.org.br\/index.php\/apexbrasil-e-empresas-exportadoras-tracam-novo-mapa-de-investimentos-na-america-do-sul\/","title":{"rendered":"APEXBRASIL E EMPRESAS EXPORTADORAS TRA\u00c7AM NOVO MAPA DE INVESTIMENTOS NA AM\u00c9RICA DO SUL"},"content":{"rendered":"<p>Um novo mapa das oportunidades de investimento e de com\u00e9rcio na Am\u00e9rica do Sul come\u00e7ou a ser tra\u00e7ado nesta segunda-feira, em Bogot\u00e1 (Col\u00f4mbia), em reuni\u00e3o promovida pela ApexBrasil em parceria com o Minist\u00e9rio das Rela\u00e7\u00f5es Exteriores, com a presen\u00e7a de secret\u00e1rios de com\u00e9rcio e adidos agr\u00edcolas das embaixadas brasileiras na regi\u00e3o, e de representantes de empresas exportadoras brasileiras. O foco do debate foi a revers\u00e3o de um cen\u00e1rio em que o Brasil perdeu presen\u00e7a em mercados estrat\u00e9gicos do continente nos \u00faltimos anos, quando houve tamb\u00e9m forte redu\u00e7\u00e3o no fluxo de com\u00e9rcio com pa\u00edses da regi\u00e3o.<\/p>\n<p>\u201cO Brasil ficou ausente de mercados importantes nos \u00faltimos anos, e essa volta tem que vir em cima de um planejamento, que \u00e9 o que a ApexBrasil est\u00e1 fazendo ao ouvir todos os que atuam no com\u00e9rcio exterior brasileiro, pa\u00eds a pa\u00eds. Seguimos a orienta\u00e7\u00e3o do governo do presidente Lula e do ministro Geraldo Alckmin, que trouxeram de volta a diplomacia presidencial\u201d, disse o presidente da ApexBrasil, Jorge Viana. Ele lembrou que o programa foi iniciado na \u00c1frica, teve continuidade na semana passada, no Panam\u00e1, com reuni\u00e3o de representantes da Am\u00e9rica Central e do Caribe, e dever\u00e1 prosseguir, no in\u00edcio do pr\u00f3ximo ano, na Am\u00e9rica do Norte, em encontro com representantes dos Estados Unidos e do Canad\u00e1.<\/p>\n<p>No encontro em Bogot\u00e1, tanto empres\u00e1rios como t\u00e9cnicos mostraram dados segundo os quais houve decr\u00e9scimo significativo no fluxo comercial entre o Brasil e demais pa\u00edses da Am\u00e9rica do Sul. Em 2003, por exemplo, o Brasil participava com 17% das importa\u00e7\u00f5es de bens na regi\u00e3o, percentual que caiu para 12,7% em 2022. Naquela ocasi\u00e3o, o pa\u00eds ocupava o primeiro lugar \u00a0na lista dos que s\u00e3o origem de importa\u00e7\u00f5es na regi\u00e3o, coloca\u00e7\u00e3o que caiu para o terceiro lugar. De l\u00e1 para c\u00e1, a China, por exemplo, passou a ter 26% de representatividade em todas as compras da Am\u00e9rica do Sul. Viana lembrou ainda que o Brasil perdeu 40% do fluxo de \u00a0com\u00e9rcio com Argentina nos \u00faltimos anos, seu maior parceiro comercial da regi\u00e3o.<\/p>\n<p>A diretora de Neg\u00f3cios da ApexBrasil, Ana Paula Repezza, explicou a nova din\u00e2mica dos programas da Ag\u00eancia no est\u00edmulo \u00e0 exporta\u00e7\u00e3o e aos investimentos, com base num planejamento estrat\u00e9gico que tem tr\u00eas eixos principais. O primeiro, a aproxima\u00e7\u00e3o com os pa\u00edses da Am\u00e9rica do Sul, Am\u00e9rica Latina e \u00c1frica, onde o Brasil tem perdido mercados nos \u00faltimos anos. O segundo passa por diversificar as origens das exporta\u00e7\u00f5es dentro do Brasil, interiorizando e diversificando os programas e projetos da Ag\u00eancia por regi\u00e3o. Ela citou como exemplo o programa Exporta Mais Brasil, que teve sua primeira edi\u00e7\u00e3o em Jo\u00e3o Pessoa, Para\u00edba, num polo produtor de m\u00f3veis. O terceiro eixo visa a diversificar tamb\u00e9m o atendimento a empresas com voca\u00e7\u00e3o exportadora, tendo maior foco naquelas de pequeno e m\u00e9dio porte e de setores n\u00e3o tradicionais, al\u00e9m de empresas lideradas por mulheres.<\/p>\n<p>Fonte: Informativo dos Portos<\/p>\n","protected":false},"excerpt":{"rendered":"<p>Um novo mapa das oportunidades de investimento e de com\u00e9rcio na Am\u00e9rica do Sul come\u00e7ou a ser tra\u00e7ado nesta segunda-feira, em Bogot\u00e1 (Col\u00f4mbia), em reuni\u00e3o&#8230;<\/p>\n","protected":false},"author":1527,"featured_media":48082,"comment_status":"closed","ping_status":"closed","sticky":false,"template":"","format":"standard","meta":{"footnotes":""},"categories":[6],"tags":[],"class_list":["post-48081","post","type-post","status-publish","format-standard","has-post-thumbnail","hentry","category-noticias"],"_links":{"self":[{"href":"https:\/\/www.sincomam.org.br\/index.php\/wp-json\/wp\/v2\/posts\/48081","targetHints":{"allow":["GET"]}}],"collection":[{"href":"https:\/\/www.sincomam.org.br\/index.php\/wp-json\/wp\/v2\/posts"}],"about":[{"href":"https:\/\/www.sincomam.org.br\/index.php\/wp-json\/wp\/v2\/types\/post"}],"author":[{"embeddable":true,"href":"https:\/\/www.sincomam.org.br\/index.php\/wp-json\/wp\/v2\/users\/1527"}],"replies":[{"embeddable":true,"href":"https:\/\/www.sincomam.org.br\/index.php\/wp-json\/wp\/v2\/comments?post=48081"}],"version-history":[{"count":1,"href":"https:\/\/www.sincomam.org.br\/index.php\/wp-json\/wp\/v2\/posts\/48081\/revisions"}],"predecessor-version":[{"id":48083,"href":"https:\/\/www.sincomam.org.br\/index.php\/wp-json\/wp\/v2\/posts\/48081\/revisions\/48083"}],"wp:featuredmedia":[{"embeddable":true,"href":"https:\/\/www.sincomam.org.br\/index.php\/wp-json\/wp\/v2\/media\/48082"}],"wp:attachment":[{"href":"https:\/\/www.sincomam.org.br\/index.php\/wp-json\/wp\/v2\/media?parent=48081"}],"wp:term":[{"taxonomy":"category","embeddable":true,"href":"https:\/\/www.sincomam.org.br\/index.php\/wp-json\/wp\/v2\/categories?post=48081"},{"taxonomy":"post_tag","embeddable":true,"href":"https:\/\/www.sincomam.org.br\/index.php\/wp-json\/wp\/v2\/tags?post=48081"}],"curies":[{"name":"wp","href":"https:\/\/api.w.org\/{rel}","templated":true}]}}