{"id":48068,"date":"2023-10-24T01:14:50","date_gmt":"2023-10-24T04:14:50","guid":{"rendered":"http:\/\/www.sincomam.org.br\/?p=48068"},"modified":"2023-10-24T01:14:50","modified_gmt":"2023-10-24T04:14:50","slug":"seca-no-amazonas-afeta-mais-de-630-mil-pessoas","status":"publish","type":"post","link":"https:\/\/www.sincomam.org.br\/index.php\/seca-no-amazonas-afeta-mais-de-630-mil-pessoas\/","title":{"rendered":"Seca no Amazonas afeta mais de 630 mil pessoas"},"content":{"rendered":"<p>A seca que atinge o estado do Amazonas j\u00e1 afeta 633 mil pessoas, segundo boletim divulgado pela Defesa Civil do estado na tarde desse domingo\u00a0(22). Das 62 cidades do estado, 59 est\u00e3o em situa\u00e7\u00e3o de emerg\u00eancia por causa da estiagem. O munic\u00edpio de Canutama est\u00e1 em estado de alerta e apenas nos munic\u00edpios de Presidente Figueiredo e Apu\u00eds a situa\u00e7\u00e3o \u00e9 de normalidade.<img decoding=\"async\" src=\"https:\/\/agenciabrasil.ebc.com.br\/ebc.png?id=1562246&amp;o=node\" \/><img decoding=\"async\" src=\"https:\/\/agenciabrasil.ebc.com.br\/ebc.gif?id=1562246&amp;o=node\" \/><\/p>\n<p>De acordo com a Defesa Civil, 158 mil fam\u00edlias foram afetadas pela seca deste ano. Em raz\u00e3o da estiagem,\u00a0o governador\u00a0Wilson Lima\u00a0decretou, em setembro, situa\u00e7\u00e3o de emerg\u00eancia em 55\u00a0dos 62 munic\u00edpios do estado.<\/p>\n<p>No per\u00edodo de janeiro a\u00a021 de outubro foram registrados 17.691 focos de calor no Amazonas. Somente em outubro, at\u00e9 o momento, foram 3.060 focos, mais do que o dobro do mesmo per\u00edodo do ano passado, quando foram notificados\u00a01.200.<\/p>\n<p>Em Manaus, a seca \u00e9 a pior registrada em 121 anos. A cota do Rio Negro, nesta segunda-feira, est\u00e1 em 12,89m, a menor registrada desde 1902, quando come\u00e7aram as medi\u00e7\u00f5es do volume do rio. O recorde de alta j\u00e1 medido\u00a0foi de 30,02 metros em 16 de junho de 2021.<\/p>\n<p>Na semana passada, o governo federal disponibilizou cerca de R$ 100 milh\u00f5es para a\u00e7\u00f5es emergenciais de dragagem de trechos do rio\u00a0em pontos cr\u00edticos, pr\u00f3ximos \u00e0 cidade de Itacoatiara e Manaus. A regi\u00e3o tem cerca de 2,3 milh\u00f5es habitantes e o objetivo \u00e9 evitar o desabastecimento de itens b\u00e1sicos. O Minist\u00e9rio dos Portos e Aeroportos informou que os \u00f3rg\u00e3os competentes j\u00e1 deram in\u00edcio aos tr\u00e2mites para a contrata\u00e7\u00e3o emergencial da dragagem, que dever\u00e1 come\u00e7ar\u00a0nos pr\u00f3ximos dias, ainda nesta segunda quinzena de outubro.<\/p>\n<p>\u201cAs embarca\u00e7\u00f5es que operam no terminal graneleiro (Hermasa Itacoatiara\/gr\u00e3os) e nos principais terminais de cont\u00eaineres da Zona Franca (Chibat\u00e3o e Superterminais) est\u00e3o com capacidade reduzida. A dragagem vai impedir impactos no valor do frete e no prazo para disponibiliza\u00e7\u00e3o de produtos que s\u00e3o escoados pelas hidrovias do Arco Norte\u201d, informou a pasta.<\/p>\n<p>Tamb\u00e9m na semana passada, a Marinha, por meio do Navio de Assist\u00eancia Hospitalar Soares de Meirelles, em a\u00e7\u00e3o conjunta com o Ex\u00e9rcito e autoridades locais, distribuiu mais de 6 mil cestas b\u00e1sicas e 1,1 mil caixas de \u00e1gua mineral em munic\u00edpios da regi\u00e3o do Alto Solim\u00f5es. A distribui\u00e7\u00e3o come\u00e7ou pelo munic\u00edpio de Tabatinga, perto da fronteira com a Col\u00f4mbia e o Peru.<\/p>\n<p>Segundo a Marinha, o navio \u00e9 \u201co principal meio de transporte para distribui\u00e7\u00e3o de cestas b\u00e1sicas e suprimentos essenciais na regi\u00e3o\u201d. A embarca\u00e7\u00e3o deve percorrer 1.350 quil\u00f4metros, incluindo os munic\u00edpios de Benjamin Constant, Atalaia do Norte, Amatur\u00e1, Santo Ant\u00f4nio do I\u00e7\u00e1 e Tonantins.<\/p>\n<p>Fonte: Ag\u00eancia Brasil<\/p>\n","protected":false},"excerpt":{"rendered":"<p>A seca que atinge o estado do Amazonas j\u00e1 afeta 633 mil pessoas, segundo boletim divulgado pela Defesa Civil do estado na tarde desse domingo\u00a0(22)&#8230;.<\/p>\n","protected":false},"author":1527,"featured_media":48069,"comment_status":"closed","ping_status":"closed","sticky":false,"template":"","format":"standard","meta":{"footnotes":""},"categories":[6],"tags":[],"class_list":["post-48068","post","type-post","status-publish","format-standard","has-post-thumbnail","hentry","category-noticias"],"_links":{"self":[{"href":"https:\/\/www.sincomam.org.br\/index.php\/wp-json\/wp\/v2\/posts\/48068","targetHints":{"allow":["GET"]}}],"collection":[{"href":"https:\/\/www.sincomam.org.br\/index.php\/wp-json\/wp\/v2\/posts"}],"about":[{"href":"https:\/\/www.sincomam.org.br\/index.php\/wp-json\/wp\/v2\/types\/post"}],"author":[{"embeddable":true,"href":"https:\/\/www.sincomam.org.br\/index.php\/wp-json\/wp\/v2\/users\/1527"}],"replies":[{"embeddable":true,"href":"https:\/\/www.sincomam.org.br\/index.php\/wp-json\/wp\/v2\/comments?post=48068"}],"version-history":[{"count":1,"href":"https:\/\/www.sincomam.org.br\/index.php\/wp-json\/wp\/v2\/posts\/48068\/revisions"}],"predecessor-version":[{"id":48070,"href":"https:\/\/www.sincomam.org.br\/index.php\/wp-json\/wp\/v2\/posts\/48068\/revisions\/48070"}],"wp:featuredmedia":[{"embeddable":true,"href":"https:\/\/www.sincomam.org.br\/index.php\/wp-json\/wp\/v2\/media\/48069"}],"wp:attachment":[{"href":"https:\/\/www.sincomam.org.br\/index.php\/wp-json\/wp\/v2\/media?parent=48068"}],"wp:term":[{"taxonomy":"category","embeddable":true,"href":"https:\/\/www.sincomam.org.br\/index.php\/wp-json\/wp\/v2\/categories?post=48068"},{"taxonomy":"post_tag","embeddable":true,"href":"https:\/\/www.sincomam.org.br\/index.php\/wp-json\/wp\/v2\/tags?post=48068"}],"curies":[{"name":"wp","href":"https:\/\/api.w.org\/{rel}","templated":true}]}}