{"id":48034,"date":"2023-10-23T07:18:35","date_gmt":"2023-10-23T10:18:35","guid":{"rendered":"http:\/\/www.sincomam.org.br\/?p=48034"},"modified":"2023-10-19T22:20:05","modified_gmt":"2023-10-20T01:20:05","slug":"antaq-debate-alguns-dos-principais-topicos-do-setor-com-entidades-aquaviarias","status":"publish","type":"post","link":"https:\/\/www.sincomam.org.br\/index.php\/antaq-debate-alguns-dos-principais-topicos-do-setor-com-entidades-aquaviarias\/","title":{"rendered":"ANTAQ debate alguns dos principais t\u00f3picos do setor com entidades aquavi\u00e1rias"},"content":{"rendered":"<p>Moderniza\u00e7\u00e3o portu\u00e1ria, concess\u00f5es de terminais, seca na Amaz\u00f4nia e Transi\u00e7\u00e3o Energ\u00e9tica. Esses foram os principais t\u00f3picos debatidos pelos diretores da Ag\u00eancia Nacional de Transportes Aquavi\u00e1rios (ANTAQ) ao longo desta semana na edi\u00e7\u00e3o 2023 do Brasil Export \u2013 F\u00f3rum Nacional de Log\u00edstica, Infraestrutura e Transportes.<\/p>\n<p>Logo na cerim\u00f4nia de abertura do F\u00f3rum, o diretor-geral da ANTAQ, Eduardo Nery, ressaltou a a\u00e7\u00e3o da Ag\u00eancia na busca da moderniza\u00e7\u00e3o portu\u00e1ria defendendo o processo de arrendamento de terminais como uma importante ferramenta de fomento e robustez para o setor.<\/p>\n<p>Nery falou ainda que h\u00e1 a expectativa de realiza\u00e7\u00e3o de quatro leil\u00f5es de arrendamentos de terminais portu\u00e1rios. S\u00e3o eles: VDC 04, localizado no Porto de Vila do Conde (PA); MAC 15, localizado no Porto e Macei\u00f3 (AL); POA 02 e POA 11, localizado no Porto de Porto Alegre (RS) e RIG 71, no Porto de Rio Grande (RS).<\/p>\n<p>\u201cA Ag\u00eancia vem em um processo de amadurecimento de sua regula\u00e7\u00e3o e, dentro das prioridades estabelecidas, temos o nosso programa de arrendamentos que trouxe moderniza\u00e7\u00e3o para os portos. Esse ano j\u00e1 fizemos alguns leil\u00f5es e a expectativa \u00e9 que, em dezembro, faremos quatro leil\u00f5es em Vila do Conde, Macei\u00f3, Porto Alegre e Rio Grande. Todos trar\u00e3o mais desenvolvimento no setor portu\u00e1rio\u201d, disse.<\/p>\n<p><b>Seca na Regi\u00e3o Amaz\u00f4nica<\/b><\/p>\n<p>Durante o segundo dia do F\u00f3rum, o diretor da ANTAQ Wilson Lima Filho explicou sobre as contribui\u00e7\u00f5es da Autarquia para amenizar os efeitos devastadores, ambientais e econ\u00f4micos, na Regi\u00e3o Amaz\u00f4nica devido \u00e0 estiagem.<\/p>\n<p>O pronunciamento aconteceu durante o painel da ENAPH (Encontro Nacional das Autoridades Portu\u00e1rias e Hidrovi\u00e1rias) \u201cInfraestrutura portu\u00e1ria nos portos da Regi\u00e3o Norte\u201d.<\/p>\n<p>O diretor falou que a ANTAQ vem acompanhando a seca na regi\u00e3o explicando ainda sobre o despacho, aprovado ad referendum na \u00faltima quarta-feira (11), autorizando o afretamento de cabotagem de todos os tipos de carga na regi\u00e3o. Defendeu tamb\u00e9m que as consequ\u00eancias trazidas devem ser absorvidas pela Ag\u00eancia no intuito de mitigar impactos de futuras secas na regi\u00e3o.<\/p>\n<p>\u201cHoje, o tema Amaz\u00f4nia \u00e9 o tema n\u00famero um dentro da Ag\u00eancia. \u00c9 fundamental que tenhamos pol\u00edticas p\u00fablicas e de estado. \u00c9 importante que a sociedade saiba que todas as entidades envolvidas est\u00e3o preocupadas em resolver o problema. \u00c9 importante que estudemos com essa seca para que os impactos n\u00e3o se repitam. Esse despacho \u00e9 uma das nossas contribui\u00e7\u00f5es\u201d, falou.<\/p>\n<p>Para saber mais sobre o despacho,\u00a0<a class=\"internal-link\" title=\"\" href=\"https:\/\/www.gov.br\/antaq\/pt-br\/noticias\/2023\/antaq-autoriza-afretamentos-de-cabotagem-emergencial-na-regiao-amazonica\" target=\"_blank\" rel=\"noopener\" data-tippreview-image=\"\" data-tippreview-title=\"\" data-tippreview-enabled=\"false\">clique aqui<\/a>.<\/p>\n<p><b>Transi\u00e7\u00e3o Energ\u00e9tica<\/b><\/p>\n<p>O \u00faltimo dia de palestras do F\u00f3rum contou com a participa\u00e7\u00e3o da diretora da ANTAQ, Fl\u00e1via Takafashi. Em sua fala durante o \u201cpainel Investimentos em servi\u00e7os e infraestrutura no sistema portu\u00e1rio brasileiro\u201d, Takafashi explicou sobre o papel da ag\u00eancia na transi\u00e7\u00e3o energ\u00e9tica.<\/p>\n<p>Segundo a diretora, a Ag\u00eancia sempre teve o olhar de acompanhar a regula\u00e7\u00e3o e o desenvolvimento do setor no pa\u00eds e buscou entender como o setor aquavi\u00e1rio no mundo vem se desenvolvendo. Tamb\u00e9m que vem falando com os principais \u00f3rg\u00e3os governamentais envolvidos para municiar, facilitar a transi\u00e7\u00e3o energ\u00e9tica nos portos brasileiros.<\/p>\n<p>\u201cSabemos que hoje h\u00e1 um grande movimento na busca da transi\u00e7\u00e3o energ\u00e9tica. Estamos em discuss\u00f5es com a ANP, ANEEL e o MME uma vez que, qualquer movimento nesse sentido demandar\u00e1 espa\u00e7o e \u00e1reas nos Portos Organizados. E esse substrato legal e o arcabou\u00e7o regulat\u00f3rio para ocupa\u00e7\u00e3o dessas \u00e1reas ser\u00e1 a Ag\u00eancia. Ent\u00e3o estamos acompanhando essas discuss\u00f5es e daremos condi\u00e7\u00f5es para que, qualquer movimento para essa transi\u00e7\u00e3o, haja condi\u00e7\u00f5es e ferramentas a serem adotadas pelos portos do pa\u00eds\u201d, afirmou.<\/p>\n<p><b>Fonte: Antaq<\/b><\/p>\n","protected":false},"excerpt":{"rendered":"<p>Moderniza\u00e7\u00e3o portu\u00e1ria, concess\u00f5es de terminais, seca na Amaz\u00f4nia e Transi\u00e7\u00e3o Energ\u00e9tica. Esses foram os principais t\u00f3picos debatidos pelos diretores da Ag\u00eancia Nacional de Transportes Aquavi\u00e1rios&#8230;<\/p>\n","protected":false},"author":1527,"featured_media":48035,"comment_status":"closed","ping_status":"closed","sticky":false,"template":"","format":"standard","meta":{"footnotes":""},"categories":[6],"tags":[],"class_list":["post-48034","post","type-post","status-publish","format-standard","has-post-thumbnail","hentry","category-noticias"],"_links":{"self":[{"href":"https:\/\/www.sincomam.org.br\/index.php\/wp-json\/wp\/v2\/posts\/48034","targetHints":{"allow":["GET"]}}],"collection":[{"href":"https:\/\/www.sincomam.org.br\/index.php\/wp-json\/wp\/v2\/posts"}],"about":[{"href":"https:\/\/www.sincomam.org.br\/index.php\/wp-json\/wp\/v2\/types\/post"}],"author":[{"embeddable":true,"href":"https:\/\/www.sincomam.org.br\/index.php\/wp-json\/wp\/v2\/users\/1527"}],"replies":[{"embeddable":true,"href":"https:\/\/www.sincomam.org.br\/index.php\/wp-json\/wp\/v2\/comments?post=48034"}],"version-history":[{"count":1,"href":"https:\/\/www.sincomam.org.br\/index.php\/wp-json\/wp\/v2\/posts\/48034\/revisions"}],"predecessor-version":[{"id":48036,"href":"https:\/\/www.sincomam.org.br\/index.php\/wp-json\/wp\/v2\/posts\/48034\/revisions\/48036"}],"wp:featuredmedia":[{"embeddable":true,"href":"https:\/\/www.sincomam.org.br\/index.php\/wp-json\/wp\/v2\/media\/48035"}],"wp:attachment":[{"href":"https:\/\/www.sincomam.org.br\/index.php\/wp-json\/wp\/v2\/media?parent=48034"}],"wp:term":[{"taxonomy":"category","embeddable":true,"href":"https:\/\/www.sincomam.org.br\/index.php\/wp-json\/wp\/v2\/categories?post=48034"},{"taxonomy":"post_tag","embeddable":true,"href":"https:\/\/www.sincomam.org.br\/index.php\/wp-json\/wp\/v2\/tags?post=48034"}],"curies":[{"name":"wp","href":"https:\/\/api.w.org\/{rel}","templated":true}]}}