{"id":48012,"date":"2023-10-20T07:00:27","date_gmt":"2023-10-20T10:00:27","guid":{"rendered":"http:\/\/www.sincomam.org.br\/?p=48012"},"modified":"2023-10-19T22:06:43","modified_gmt":"2023-10-20T01:06:43","slug":"escola-em-ilhabela-sp-fomenta-a-mentalidade-maritima-em-criancas-e-adolescentes","status":"publish","type":"post","link":"https:\/\/www.sincomam.org.br\/index.php\/escola-em-ilhabela-sp-fomenta-a-mentalidade-maritima-em-criancas-e-adolescentes\/","title":{"rendered":"Escola em Ilhabela (SP) fomenta a mentalidade mar\u00edtima em crian\u00e7as e adolescentes"},"content":{"rendered":"<p class=\"rtejustify\">Ilhabela, cidade do litoral norte de S\u00e3o Paulo, abriga um importante polo de capacita\u00e7\u00e3o de velejadores profissionais e amadores: a Escola Municipal de Vela \u201cLars Grael\u201d (EVI), cujo objetivo \u00e9 democratizar o acesso ao esporte e promover a forma\u00e7\u00e3o de atletas. Al\u00e9m dos treinamentos, os alunos s\u00e3o levados a refletir sobre as riquezas e as oportunidades que o mar oferece, desde a pr\u00e1tica esportiva at\u00e9 a explora\u00e7\u00e3o sustent\u00e1vel de recursos marinhos. Eles desenvolvem h\u00e1bitos e atitudes de uso racional do mar, fortalecendo a mentalidade mar\u00edtima.<\/p>\n<p class=\"rtejustify\">Resultado da parceria entre a prefeitura de Ilhabela e o velejador brasileiro e campe\u00e3o mundial Lars Grael, a Escola oferece aulas gratuitas de vela nos n\u00edveis iniciante e avan\u00e7ado, a fim de despertar a consci\u00eancia e o respeito pelo mar. Al\u00e9m das aulas, a EVI promove competi\u00e7\u00f5es e eventos, colaborando com o desenvolvimento da modalidade do esporte no Pa\u00eds.<\/p>\n<p class=\"rtejustify\">A iniciativa tem como p\u00fablico-alvo crian\u00e7as e adolescentes de 8 a 17 anos, matriculados em escolas p\u00fablicas ou privadas do munic\u00edpio, mas tamb\u00e9m atende outros perfis, como homens e mulheres acima de 60 anos e pessoas com defici\u00eancia. Para estas, h\u00e1 barcos adaptados, a fim de inclu\u00ed-los na pr\u00e1tica esportiva.<\/p>\n<p class=\"rtejustify\">Em mais de 20 anos, a Escola formou diversos alunos, que lideraram competi\u00e7\u00f5es nacionais e internacionais. \u201cUm grande destaque \u00e9 o velejador Ronyo Silva, que venceu o Campeonato Brasileiro da classe Optimist em 2005, em Niter\u00f3i, no Rio de Janeiro. Outro atleta vencedor que tamb\u00e9m foi aluno da nossa Escola \u00e9 o velejador Alex Kuhl, que se consagrou campe\u00e3o mundial da classe Optimist fora do Pa\u00eds, em Riva Del Garda, na It\u00e1lia, um feito in\u00e9dito para um velejador brasileiro\u201d, orgulha-se Rodrigues.<\/p>\n<p class=\"rtejustify\">O diretor ressaltou a import\u00e2ncia da parceria da Escola com a Marinha do Brasil e o apoio prestado pela For\u00e7a para o sucesso do projeto. \u201cA Marinha sempre est\u00e1 presente nas regatas, fiscalizando a navega\u00e7\u00e3o de embarca\u00e7\u00f5es e garantindo a seguran\u00e7a dos velejadores, al\u00e9m de abrir seus navios para visita\u00e7\u00e3o p\u00fablica\u201d, afirmou.<\/p>\n<p>Fonte: Ag\u00eancia Marinha de Not\u00edcias<\/p>\n","protected":false},"excerpt":{"rendered":"<p>Ilhabela, cidade do litoral norte de S\u00e3o Paulo, abriga um importante polo de capacita\u00e7\u00e3o de velejadores profissionais e amadores: a Escola Municipal de Vela \u201cLars&#8230;<\/p>\n","protected":false},"author":1527,"featured_media":48013,"comment_status":"closed","ping_status":"closed","sticky":false,"template":"","format":"standard","meta":{"footnotes":""},"categories":[6],"tags":[],"class_list":["post-48012","post","type-post","status-publish","format-standard","has-post-thumbnail","hentry","category-noticias"],"_links":{"self":[{"href":"https:\/\/www.sincomam.org.br\/index.php\/wp-json\/wp\/v2\/posts\/48012","targetHints":{"allow":["GET"]}}],"collection":[{"href":"https:\/\/www.sincomam.org.br\/index.php\/wp-json\/wp\/v2\/posts"}],"about":[{"href":"https:\/\/www.sincomam.org.br\/index.php\/wp-json\/wp\/v2\/types\/post"}],"author":[{"embeddable":true,"href":"https:\/\/www.sincomam.org.br\/index.php\/wp-json\/wp\/v2\/users\/1527"}],"replies":[{"embeddable":true,"href":"https:\/\/www.sincomam.org.br\/index.php\/wp-json\/wp\/v2\/comments?post=48012"}],"version-history":[{"count":1,"href":"https:\/\/www.sincomam.org.br\/index.php\/wp-json\/wp\/v2\/posts\/48012\/revisions"}],"predecessor-version":[{"id":48014,"href":"https:\/\/www.sincomam.org.br\/index.php\/wp-json\/wp\/v2\/posts\/48012\/revisions\/48014"}],"wp:featuredmedia":[{"embeddable":true,"href":"https:\/\/www.sincomam.org.br\/index.php\/wp-json\/wp\/v2\/media\/48013"}],"wp:attachment":[{"href":"https:\/\/www.sincomam.org.br\/index.php\/wp-json\/wp\/v2\/media?parent=48012"}],"wp:term":[{"taxonomy":"category","embeddable":true,"href":"https:\/\/www.sincomam.org.br\/index.php\/wp-json\/wp\/v2\/categories?post=48012"},{"taxonomy":"post_tag","embeddable":true,"href":"https:\/\/www.sincomam.org.br\/index.php\/wp-json\/wp\/v2\/tags?post=48012"}],"curies":[{"name":"wp","href":"https:\/\/api.w.org\/{rel}","templated":true}]}}