{"id":4800,"date":"2014-04-09T08:30:41","date_gmt":"2014-04-09T11:30:41","guid":{"rendered":"http:\/\/www.sincomam.org.br\/?p=4800"},"modified":"2014-04-08T17:54:55","modified_gmt":"2014-04-08T20:54:55","slug":"conta-de-luz-ficara-mais-cara-ate-final-de-abril","status":"publish","type":"post","link":"https:\/\/www.sincomam.org.br\/index.php\/conta-de-luz-ficara-mais-cara-ate-final-de-abril\/","title":{"rendered":"Conta de luz ficar\u00e1 mais cara at\u00e9 final de abril"},"content":{"rendered":"<p><b><i>Pre\u00e7o da energia comprada pelas distribuidoras nos \u00faltimos 12 meses \u00e9 o principal motivo do reajuste <\/i><\/b><\/p>\n<p>At\u00e9 o fim de abril, cerca de 45% de todos os consumidores de energia do pa\u00eds dever\u00e3o sofrer um reajuste m\u00e9dio na conta de luz de dois d\u00edgitos. O aumento de pre\u00e7o da energia comprada pelas distribuidoras nos \u00faltimos 12 meses \u00e9 o principal vil\u00e3o da conta de luz. Mesmo com os esfor\u00e7os do governo para conter a eleva\u00e7\u00e3o das tarifas, com aportes do Tesouro para bancar o acionamento intensivo de usinas t\u00e9rmicas, o valor da eletricidade disparou por conta de fatores como a alta do d\u00f3lar.<\/p>\n<p>Uma pr\u00e9via desse aumento foi dado ontem pela Ag\u00eancia Nacional de Energia El\u00e9trica (Aneel), que autorizou altas de 14,24% e 16,46% nas tarifas residenciais da Cemig e da CPFL Paulista, respectivamente. Um conjunto de fatores influenciou a conta. O pre\u00e7o do megawatt-hora da hidrel\u00e9trica binacional de Itaipu, negociado na moeda americana, subiu mais de 18% no per\u00edodo. Sozinha, a usina fornece mais de um quinto do suprimento \u00e0s distribuidoras.<\/p>\n<p>O acionamento das t\u00e9rmicas tamb\u00e9m pesou na conta, embora CPFL e Cemig n\u00e3o apontem, especificamente, qual foi o montante absorvido dessas usinas.<\/p>\n<p>Segundo uma fonte ligada \u00e0s distribuidoras, o cen\u00e1rio apresentado por Cemig e CPFL tende a se repetir, com pequenas varia\u00e7\u00f5es, nas demais empresas do setor que, neste m\u00eas, ter\u00e3o pedidos de reajustes avaliados pela Aneel. Um total de nove companhias aguarda a decis\u00e3o da ag\u00eancia.<\/p>\n<p>A compra de energia pelas distribuidoras \u00e9 o fator que mais pesa no \u00edndice de reajuste. No aumento concedido para a Cemig, 65% est\u00e1 atrelado a aquisi\u00e7\u00e3o de energia no mercado. Os demais 35% refere-se \u00e0 parcela de receita da distribuidora, um aumento que costuma ficar em torno da varia\u00e7\u00e3o acumulada do IGP-M. No caso da CPFL, essa rela\u00e7\u00e3o chega a ser de 75% para o custo de energia, e 25% atrelados \u00e0 distribuidora.<\/p>\n<p>Numa demonstra\u00e7\u00e3o de que pretende atenuar a todo custo os aumentos de tarifas antes da elei\u00e7\u00e3o presidencial, a Aneel reduziu de R$ 5,6 bilh\u00f5es para R$ 1,7 bilh\u00e3o a estimativa de d\u00e9ficit em 2014 da Conta de Desenvolvimento Energ\u00e9tico (CDE), o fundo setorial respons\u00e1vel por bancar as redu\u00e7\u00f5es das contas de luz e o acionamento das t\u00e9rmicas. Com isso, diminuiu a necessidade de acr\u00e9scimos nos reajustes deste ano, que deviam ser de 4,6 pontos percentuais para cada distribuidora, a fim de cobrir o d\u00e9ficit inicialmente previsto. Agora, esse acr\u00e9scimo atrelado \u00e0 CDE deve ficar em torno de 1,5 ponto percentual.<\/p>\n<p>O rombo na conta foi reduzido gra\u00e7as \u00e0 contabiliza\u00e7\u00e3o pela Aneel do aporte adicional de R$ 4 bilh\u00f5es do Tesouro no fundo. Essa decis\u00e3o contraria um posicionamento assumido um m\u00eas atr\u00e1s pelo diretor-geral da ag\u00eancia, Romeu Rufino. Durante o an\u00fancio do pacote de socorro ao setor, em mar\u00e7o, Rufino havia informado que o d\u00e9ficit de R$ 5,6 bilh\u00f5es da CDE seria integralmente repassado aos consumidores neste ano.<\/p>\n<p>A perspectiva de aumentos de dois d\u00edgitos nas tarifas de 2014 bate de frente com as previs\u00f5es do \u00faltimo relat\u00f3rio de infla\u00e7\u00e3o do Banco Central, que estimava uma alta de 7,5%, em m\u00e9dia, para os consumidores residenciais.<\/p>\n<p>Fonte: Valor<\/p>\n","protected":false},"excerpt":{"rendered":"<p>Pre\u00e7o da energia comprada pelas distribuidoras nos \u00faltimos 12 meses \u00e9 o principal motivo do reajuste At\u00e9 o fim de abril, cerca de 45% de&#8230;<\/p>\n","protected":false},"author":1182,"featured_media":3538,"comment_status":"closed","ping_status":"closed","sticky":false,"template":"","format":"standard","meta":{"footnotes":""},"categories":[6],"tags":[914,405,756,424],"class_list":["post-4800","post","type-post","status-publish","format-standard","has-post-thumbnail","hentry","category-noticias","tag-abril","tag-aumento","tag-conta-de-luz","tag-energia"],"_links":{"self":[{"href":"https:\/\/www.sincomam.org.br\/index.php\/wp-json\/wp\/v2\/posts\/4800","targetHints":{"allow":["GET"]}}],"collection":[{"href":"https:\/\/www.sincomam.org.br\/index.php\/wp-json\/wp\/v2\/posts"}],"about":[{"href":"https:\/\/www.sincomam.org.br\/index.php\/wp-json\/wp\/v2\/types\/post"}],"author":[{"embeddable":true,"href":"https:\/\/www.sincomam.org.br\/index.php\/wp-json\/wp\/v2\/users\/1182"}],"replies":[{"embeddable":true,"href":"https:\/\/www.sincomam.org.br\/index.php\/wp-json\/wp\/v2\/comments?post=4800"}],"version-history":[{"count":1,"href":"https:\/\/www.sincomam.org.br\/index.php\/wp-json\/wp\/v2\/posts\/4800\/revisions"}],"predecessor-version":[{"id":4801,"href":"https:\/\/www.sincomam.org.br\/index.php\/wp-json\/wp\/v2\/posts\/4800\/revisions\/4801"}],"wp:featuredmedia":[{"embeddable":true,"href":"https:\/\/www.sincomam.org.br\/index.php\/wp-json\/wp\/v2\/media\/3538"}],"wp:attachment":[{"href":"https:\/\/www.sincomam.org.br\/index.php\/wp-json\/wp\/v2\/media?parent=4800"}],"wp:term":[{"taxonomy":"category","embeddable":true,"href":"https:\/\/www.sincomam.org.br\/index.php\/wp-json\/wp\/v2\/categories?post=4800"},{"taxonomy":"post_tag","embeddable":true,"href":"https:\/\/www.sincomam.org.br\/index.php\/wp-json\/wp\/v2\/tags?post=4800"}],"curies":[{"name":"wp","href":"https:\/\/api.w.org\/{rel}","templated":true}]}}