{"id":47990,"date":"2023-10-19T07:30:51","date_gmt":"2023-10-19T10:30:51","guid":{"rendered":"http:\/\/www.sincomam.org.br\/?p=47990"},"modified":"2023-10-18T12:51:08","modified_gmt":"2023-10-18T15:51:08","slug":"brasil-avanca-em-pesquisas-polares-navio-almirante-saldanha-e-simbolo-de-inovacao","status":"publish","type":"post","link":"https:\/\/www.sincomam.org.br\/index.php\/brasil-avanca-em-pesquisas-polares-navio-almirante-saldanha-e-simbolo-de-inovacao\/","title":{"rendered":"Brasil Avan\u00e7a em Pesquisas Polares: Navio \u201cAlmirante Saldanha\u201d \u00e9 S\u00edmbolo de Inova\u00e7\u00e3o"},"content":{"rendered":"<p>A\u00a0Marinha do Brasil\u00a0celebrou um marco significativo na hist\u00f3ria naval do pa\u00eds no dia 17 de outubro. Em uma cerim\u00f4nia realizada no Estaleiro Jurong Aracruz, no Esp\u00edrito Santo, foi realizado o Batimento de Quilha do\u00a0Navio Polar \u201cAlmirante Saldanha\u201d. Este evento, enraizado em tradi\u00e7\u00f5es navais, simboliza o in\u00edcio da constru\u00e7\u00e3o de um navio e \u00e9 considerado um sinal de boa sorte para a embarca\u00e7\u00e3o.<\/p>\n<p><strong>Presen\u00e7as Ilustres e Reconhecimento Internacional<\/strong><\/p>\n<p>A cerim\u00f4nia contou com a presen\u00e7a de diversas autoridades, incluindo o Ministro da Defesa, Jos\u00e9 Mucio Monteiro, e o Comandante da Marinha, Almirante de Esquadra Marcos Sampaio Olsen. Representantes internacionais, como o Chefe de Miss\u00e3o da Embaixada da Rep\u00fablica de Singapura, tamb\u00e9m estiveram presentes, refor\u00e7ando a import\u00e2ncia do projeto no cen\u00e1rio global. O Ministro da Defesa destacou o orgulho de ver um projeto t\u00e3o significativo sendo realizado em solo brasileiro, exemplificando o potencial e a capacidade do Brasil.<\/p>\n<div class=\"td-a-rec td-a-rec-id-content_inline tdi_2 td_block_template_11\">\n<p><strong>Inova\u00e7\u00e3o e Desenvolvimento Econ\u00f4mico<\/strong><\/p>\n<\/div>\n<p>O projeto do\u00a0Navio Polar \u201cAlmirante Saldanha\u201d\u00a0n\u00e3o \u00e9 apenas um avan\u00e7o tecnol\u00f3gico, mas tamb\u00e9m um motor econ\u00f4mico. Durante sua constru\u00e7\u00e3o, j\u00e1 foram gerados 600 empregos diretos e 6 mil indiretos. Al\u00e9m disso, representa um est\u00edmulo significativo para a ind\u00fastria naval brasileira e para a base tecnol\u00f3gica nacional. O navio, que ser\u00e1 o primeiro de seu tipo constru\u00eddo no Brasil, est\u00e1 previsto para ser entregue em 2025 e promete ser um marco na pesquisa ant\u00e1rtica brasileira.<\/p>\n<p><strong>Um Futuro Promissor nas \u00c1guas Geladas<\/strong><\/p>\n<p>O\u00a0Navio Polar \u201cAlmirante Saldanha\u201d\u00a0faz parte do Programa de Obten\u00e7\u00e3o de Meios Hidroceanogr\u00e1ficos e de Apoio Ant\u00e1rtico (PROHIDRO). Este programa visa fortalecer a presen\u00e7a brasileira nas \u00e1guas polares, permitindo que a Marinha do Brasil cumpra suas atribui\u00e7\u00f5es em atividades hidrogr\u00e1ficas, oceanogr\u00e1ficas, meteorol\u00f3gicas e cartogr\u00e1ficas. Com a constru\u00e7\u00e3o deste navio, o Brasil reafirma seu compromisso com a pesquisa e a inova\u00e7\u00e3o, garantindo um futuro promissor nas \u00e1guas geladas da Ant\u00e1rtica.<\/p>\n<p>Fonte: Defesa em Foco<\/p>\n","protected":false},"excerpt":{"rendered":"<p>A\u00a0Marinha do Brasil\u00a0celebrou um marco significativo na hist\u00f3ria naval do pa\u00eds no dia 17 de outubro. Em uma cerim\u00f4nia realizada no Estaleiro Jurong Aracruz, no&#8230;<\/p>\n","protected":false},"author":1527,"featured_media":47991,"comment_status":"closed","ping_status":"closed","sticky":false,"template":"","format":"standard","meta":{"footnotes":""},"categories":[6],"tags":[],"class_list":["post-47990","post","type-post","status-publish","format-standard","has-post-thumbnail","hentry","category-noticias"],"_links":{"self":[{"href":"https:\/\/www.sincomam.org.br\/index.php\/wp-json\/wp\/v2\/posts\/47990","targetHints":{"allow":["GET"]}}],"collection":[{"href":"https:\/\/www.sincomam.org.br\/index.php\/wp-json\/wp\/v2\/posts"}],"about":[{"href":"https:\/\/www.sincomam.org.br\/index.php\/wp-json\/wp\/v2\/types\/post"}],"author":[{"embeddable":true,"href":"https:\/\/www.sincomam.org.br\/index.php\/wp-json\/wp\/v2\/users\/1527"}],"replies":[{"embeddable":true,"href":"https:\/\/www.sincomam.org.br\/index.php\/wp-json\/wp\/v2\/comments?post=47990"}],"version-history":[{"count":1,"href":"https:\/\/www.sincomam.org.br\/index.php\/wp-json\/wp\/v2\/posts\/47990\/revisions"}],"predecessor-version":[{"id":47992,"href":"https:\/\/www.sincomam.org.br\/index.php\/wp-json\/wp\/v2\/posts\/47990\/revisions\/47992"}],"wp:featuredmedia":[{"embeddable":true,"href":"https:\/\/www.sincomam.org.br\/index.php\/wp-json\/wp\/v2\/media\/47991"}],"wp:attachment":[{"href":"https:\/\/www.sincomam.org.br\/index.php\/wp-json\/wp\/v2\/media?parent=47990"}],"wp:term":[{"taxonomy":"category","embeddable":true,"href":"https:\/\/www.sincomam.org.br\/index.php\/wp-json\/wp\/v2\/categories?post=47990"},{"taxonomy":"post_tag","embeddable":true,"href":"https:\/\/www.sincomam.org.br\/index.php\/wp-json\/wp\/v2\/tags?post=47990"}],"curies":[{"name":"wp","href":"https:\/\/api.w.org\/{rel}","templated":true}]}}