{"id":47987,"date":"2023-10-19T07:44:00","date_gmt":"2023-10-19T10:44:00","guid":{"rendered":"http:\/\/www.sincomam.org.br\/?p=47987"},"modified":"2023-10-18T12:47:43","modified_gmt":"2023-10-18T15:47:43","slug":"ministro-silvio-costa-filho-anuncia-nova-reducao-tarifaria-no-portos-de-santos","status":"publish","type":"post","link":"https:\/\/www.sincomam.org.br\/index.php\/ministro-silvio-costa-filho-anuncia-nova-reducao-tarifaria-no-portos-de-santos\/","title":{"rendered":"MINISTRO SILVIO COSTA FILHO ANUNCIA NOVA REDU\u00c7\u00c3O TARIF\u00c1RIA NO PORTOS DE SANTOS"},"content":{"rendered":"<p>Ap\u00f3s a avalia\u00e7\u00e3o de estudos encomendados \u00e0 Autoridade Portu\u00e1ria de Santos (APS), o Minist\u00e9rio de Portos e Aeroportos (MPor) anunciou, na tarde desta ter\u00e7a-feira (17), um novo corte no valor das tarifas portu\u00e1rias, desta vez, contemplando embarca\u00e7\u00f5es classificadas verdes, as que atuam com cabotagem e os navios de passageiros (cruzeiros tur\u00edsticos), cujo desconto poder\u00e1 chegar a 60% do atual valor da taxa.<\/p>\n<p>Segundo o ministro de Portos e Aeroportos, Silvio Costa Filho, a iniciativa de redu\u00e7\u00e3o tarif\u00e1ria \u00e9 um novo olhar que o Governo Federal passou a dar ao setor, enquanto base da economia brasileira. \u201cEstamos trabalhando de maneira coletiva para incentivar o mercado, aquecer a economia e fomentar boas pr\u00e1ticas de sustentabilidade, como as \u201cembarca\u00e7\u00f5es verdes\u201d, as que t\u00eam pontua\u00e7\u00e3o positiva no \u00cdndice Ambiental de Navios, um compromisso, inclusive, do Brasil com o mundo\u201d, afirmou.<\/p>\n<p>A iniciativa tamb\u00e9m tem o intuito de estimular o crescimento do turismo, n\u00e3o s\u00f3 na regi\u00e3o costeira paulista, mas de todo o litoral brasileiro. \u201cPara se ter uma ideia, a cada quatro turistas que chegam, um posto de trabalho \u00e9 criado, ou seja, o fomento da atividade atinge um dos principais focos do novo Governo Federal, que \u00e9 a gera\u00e7\u00e3o de emprego\u201d, completou Costa.<\/p>\n<p>J\u00e1 segundo Anderson Pominim, diretor-presidente da APS, o c\u00e1lculo da taxa ser\u00e1 feito de acordo com o tipo de navega\u00e7\u00e3o e da frequ\u00eancia do uso do terminal pela embarca\u00e7\u00e3o, o que resulta na resulta na \u201cfideliza\u00e7\u00e3o\u201d do usu\u00e1rio.<\/p>\n<p><strong>Outras redu\u00e7\u00f5es<\/strong><\/p>\n<p>Anteriormente, j\u00e1 foram publicadas quedas de outras taxas nos Portos de Santos (SP), da PortosRio (RJ), do Rio Grande (RS), e no Porto de Ilh\u00e9us, no sul da Bahia.<\/p>\n<p>Nos portos p\u00fablicos do Rio de Janeiro, Itagua\u00ed, Niter\u00f3i e Angra dos Reis, por exemplo, onde houve readequa\u00e7\u00e3o na cobran\u00e7a das taxas portu\u00e1rias, o valor era calculado de acordo com o peso que o navio foi projetado para transportar (carga, mantimentos, combust\u00edvel, etc.). Agora, a cobran\u00e7a \u00e9 feita de acordo com o tipo e peso da carga transportada e o tipo de navega\u00e7\u00e3o. Os descontos chegam a 95,5% para alguns tipos de carga.<\/p>\n<p>Fonte: Informativo dos Portos19<\/p>\n","protected":false},"excerpt":{"rendered":"<p>Ap\u00f3s a avalia\u00e7\u00e3o de estudos encomendados \u00e0 Autoridade Portu\u00e1ria de Santos (APS), o Minist\u00e9rio de Portos e Aeroportos (MPor) anunciou, na tarde desta ter\u00e7a-feira (17),&#8230;<\/p>\n","protected":false},"author":1527,"featured_media":47988,"comment_status":"closed","ping_status":"closed","sticky":false,"template":"","format":"standard","meta":{"footnotes":""},"categories":[6],"tags":[],"class_list":["post-47987","post","type-post","status-publish","format-standard","has-post-thumbnail","hentry","category-noticias"],"_links":{"self":[{"href":"https:\/\/www.sincomam.org.br\/index.php\/wp-json\/wp\/v2\/posts\/47987","targetHints":{"allow":["GET"]}}],"collection":[{"href":"https:\/\/www.sincomam.org.br\/index.php\/wp-json\/wp\/v2\/posts"}],"about":[{"href":"https:\/\/www.sincomam.org.br\/index.php\/wp-json\/wp\/v2\/types\/post"}],"author":[{"embeddable":true,"href":"https:\/\/www.sincomam.org.br\/index.php\/wp-json\/wp\/v2\/users\/1527"}],"replies":[{"embeddable":true,"href":"https:\/\/www.sincomam.org.br\/index.php\/wp-json\/wp\/v2\/comments?post=47987"}],"version-history":[{"count":1,"href":"https:\/\/www.sincomam.org.br\/index.php\/wp-json\/wp\/v2\/posts\/47987\/revisions"}],"predecessor-version":[{"id":47989,"href":"https:\/\/www.sincomam.org.br\/index.php\/wp-json\/wp\/v2\/posts\/47987\/revisions\/47989"}],"wp:featuredmedia":[{"embeddable":true,"href":"https:\/\/www.sincomam.org.br\/index.php\/wp-json\/wp\/v2\/media\/47988"}],"wp:attachment":[{"href":"https:\/\/www.sincomam.org.br\/index.php\/wp-json\/wp\/v2\/media?parent=47987"}],"wp:term":[{"taxonomy":"category","embeddable":true,"href":"https:\/\/www.sincomam.org.br\/index.php\/wp-json\/wp\/v2\/categories?post=47987"},{"taxonomy":"post_tag","embeddable":true,"href":"https:\/\/www.sincomam.org.br\/index.php\/wp-json\/wp\/v2\/tags?post=47987"}],"curies":[{"name":"wp","href":"https:\/\/api.w.org\/{rel}","templated":true}]}}