{"id":4798,"date":"2014-04-09T08:25:47","date_gmt":"2014-04-09T11:25:47","guid":{"rendered":"http:\/\/www.sincomam.org.br\/?p=4798"},"modified":"2014-04-08T17:54:01","modified_gmt":"2014-04-08T20:54:01","slug":"producao-industrial-cresce-em-7-de-14-regioes-do-brasil","status":"publish","type":"post","link":"https:\/\/www.sincomam.org.br\/index.php\/producao-industrial-cresce-em-7-de-14-regioes-do-brasil\/","title":{"rendered":"Produ\u00e7\u00e3o industrial cresce em 7 de 14 regi\u00f5es do Brasil"},"content":{"rendered":"<p><b><i>Amazonas tamb\u00e9m registrou crescimento expressivo, de 4,7%, segundo IBGE<\/i><\/b><\/p>\n<p>O aumento no ritmo da produ\u00e7\u00e3o industrial nacional de janeiro para fevereiro, com ajuste sazonal, ocorreu em sete dos 14 locais pesquisados, aponta nesta ter\u00e7a-feira (8) o Instituto Brasileiro de Geografia e Estat\u00edstica (IBGE).<\/p>\n<p>De acordo com a divulga\u00e7\u00e3o, o Paran\u00e1 \u00e9 destaque, com expans\u00e3o de dois d\u00edgitos de 18,4%. O Amazonas registrou crescimento de 4,7%.<\/p>\n<p>Com a expressiva alta, o Paran\u00e1 eliminou a perda de 15,9% registrada entre novembro de 2013 e janeiro de 2014, diz o IBGE. O Amazonas, por sua vez, registrou dois meses seguidos de taxas positivas, acumulando no per\u00edodo ganho de 7,7%.<\/p>\n<p>As outras localidades que registraram crescimento industrial em fevereiro s\u00e3o: Rio de Janeiro (1,0%), Goi\u00e1s (0,8%), S\u00e3o Paulo (0,7%), Rio Grande do Sul (0,5%) e Santa Catarina (0,5%).<\/p>\n<p>O Par\u00e1 mostrou varia\u00e7\u00e3o nula (0,0%). Por outro lado, registraram taxas negativas Esp\u00edrito Santo (-4,3%) , Pernambuco (-3,9%), a regi\u00e3o Nordeste (-1,7%), Cear\u00e1 (-1,6%), Minas Gerais (-1,6%) e Bahia (-1,2%).<\/p>\n<p>No geral, a produ\u00e7\u00e3o da ind\u00fastria nacional registrou leve alta de 0,4% em fevereiro, na compara\u00e7\u00e3o com janeiro.<\/p>\n<p><b>\u00daltimos 12 meses<\/b><\/p>\n<p>Nove dos 14 locais pesquisados apontaram taxas positivas em fevereiro, com 12 apontando maior expans\u00e3o sobre o \u00edndice de janeiro. O IBGE cita, neste caso, a influ\u00eancia do efeito calend\u00e1rio, j\u00e1 que fevereiro deste ano teve dois dias \u00fateis a mais que igual m\u00eas do ano anterior.<\/p>\n<p>Os principais ganhos entre janeiro e fevereiro foram observados no Paran\u00e1 (de 5,2% para 6,9%), Minas Gerais (de -2,3% para -1,0%), Amazonas (de 0,6% para 1,9%) e Pernambuco (de 1,5% para 2,6%), enquanto a perda mais importante foi registrada por Goi\u00e1s (de 5,4% para 4,5%), diz o IBGE.<\/p>\n<p>Fonte: G1 \u2013 S\u00e3o Paulo \/ Foto: Rafael Andrade\/Folhapress<\/p>\n","protected":false},"excerpt":{"rendered":"<p>Amazonas tamb\u00e9m registrou crescimento expressivo, de 4,7%, segundo IBGE O aumento no ritmo da produ\u00e7\u00e3o industrial nacional de janeiro para fevereiro, com ajuste sazonal, ocorreu&#8230;<\/p>\n","protected":false},"author":1182,"featured_media":4802,"comment_status":"closed","ping_status":"closed","sticky":false,"template":"","format":"standard","meta":{"footnotes":""},"categories":[6],"tags":[],"class_list":["post-4798","post","type-post","status-publish","format-standard","has-post-thumbnail","hentry","category-noticias"],"_links":{"self":[{"href":"https:\/\/www.sincomam.org.br\/index.php\/wp-json\/wp\/v2\/posts\/4798","targetHints":{"allow":["GET"]}}],"collection":[{"href":"https:\/\/www.sincomam.org.br\/index.php\/wp-json\/wp\/v2\/posts"}],"about":[{"href":"https:\/\/www.sincomam.org.br\/index.php\/wp-json\/wp\/v2\/types\/post"}],"author":[{"embeddable":true,"href":"https:\/\/www.sincomam.org.br\/index.php\/wp-json\/wp\/v2\/users\/1182"}],"replies":[{"embeddable":true,"href":"https:\/\/www.sincomam.org.br\/index.php\/wp-json\/wp\/v2\/comments?post=4798"}],"version-history":[{"count":2,"href":"https:\/\/www.sincomam.org.br\/index.php\/wp-json\/wp\/v2\/posts\/4798\/revisions"}],"predecessor-version":[{"id":4803,"href":"https:\/\/www.sincomam.org.br\/index.php\/wp-json\/wp\/v2\/posts\/4798\/revisions\/4803"}],"wp:featuredmedia":[{"embeddable":true,"href":"https:\/\/www.sincomam.org.br\/index.php\/wp-json\/wp\/v2\/media\/4802"}],"wp:attachment":[{"href":"https:\/\/www.sincomam.org.br\/index.php\/wp-json\/wp\/v2\/media?parent=4798"}],"wp:term":[{"taxonomy":"category","embeddable":true,"href":"https:\/\/www.sincomam.org.br\/index.php\/wp-json\/wp\/v2\/categories?post=4798"},{"taxonomy":"post_tag","embeddable":true,"href":"https:\/\/www.sincomam.org.br\/index.php\/wp-json\/wp\/v2\/tags?post=4798"}],"curies":[{"name":"wp","href":"https:\/\/api.w.org\/{rel}","templated":true}]}}