{"id":47947,"date":"2023-10-17T11:46:48","date_gmt":"2023-10-17T14:46:48","guid":{"rendered":"http:\/\/www.sincomam.org.br\/?p=47947"},"modified":"2023-10-17T11:46:48","modified_gmt":"2023-10-17T14:46:48","slug":"hidreletrica-santo-antonio-volta-a-operar-com-melhora-de-nivel-de-rio","status":"publish","type":"post","link":"https:\/\/www.sincomam.org.br\/index.php\/hidreletrica-santo-antonio-volta-a-operar-com-melhora-de-nivel-de-rio\/","title":{"rendered":"Hidrel\u00e9trica Santo Ant\u00f4nio volta a operar com melhora de n\u00edvel de rio"},"content":{"rendered":"<div class=\"post-item-wrap\">\n<p>A hidrel\u00e9trica Santo Ant\u00f4nio, localizada em Rond\u00f4nia, voltou a operar nesta segunda-feira (16).<img decoding=\"async\" src=\"https:\/\/agenciabrasil.ebc.com.br\/ebc.png?id=1561124&amp;o=node\" \/><img decoding=\"async\" src=\"https:\/\/agenciabrasil.ebc.com.br\/ebc.gif?id=1561124&amp;o=node\" \/><\/p>\n<p>Em fato relevante ao mercado, a empresa informou que a opera\u00e7\u00e3o da usina voltou a operar ap\u00f3s o aumento do n\u00edvel do Rio Madeira nos \u00faltimos dias.<\/p>\n<p>\u201cDevido ao aumento da vaz\u00e3o do Rio Madeira nos \u00faltimos dias, os limites operacionais da Hidrel\u00e9trica Santo Ant\u00f4nio foram restabelecidos e, em alinhamento com o Operador Nacional do Sistema El\u00e9trico, a opera\u00e7\u00e3o foi retomada\u201d, diz a nota divulgada pela empresa.<\/p>\n<p>A usina havia interrompido a opera\u00e7\u00e3o no \u00faltimo dia 2 de outubro diante da baixa dos n\u00edveis do rio Madeira de aproximadamente 50%.<\/p>\n<p>A Hidrel\u00e9trica de Santo Ant\u00f4nio \u00e9 uma das maiores geradoras de energia do Brasil. As 50 turbinas t\u00eam pot\u00eancia instalada de 3.568 megawatts. Em 2022, a Usina de Santo Ant\u00f4nio ocupou a quarta posi\u00e7\u00e3o no\u00a0<em>ranking\u00a0<\/em>de gera\u00e7\u00e3o de energia.<\/p>\n<p>Foi a segunda vez que a hidrel\u00e9trica parou totalmente as opera\u00e7\u00f5es. A primeira vez foi em 2014, durante a cheia hist\u00f3rica do Rio Madeira, um dos principais afluentes da bacia do\u00a0Amazonas, que banha os estados de Rond\u00f4nia e do Amazonas.<\/p>\n<\/div>\n<p class=\"alt-font font-italic my-2 small text-info\">Fonte: Ag\u00eancia Brasil<\/p>\n","protected":false},"excerpt":{"rendered":"<p>A hidrel\u00e9trica Santo Ant\u00f4nio, localizada em Rond\u00f4nia, voltou a operar nesta segunda-feira (16). Em fato relevante ao mercado, a empresa informou que a opera\u00e7\u00e3o da&#8230;<\/p>\n","protected":false},"author":1527,"featured_media":47948,"comment_status":"closed","ping_status":"closed","sticky":false,"template":"","format":"standard","meta":{"footnotes":""},"categories":[6],"tags":[],"class_list":["post-47947","post","type-post","status-publish","format-standard","has-post-thumbnail","hentry","category-noticias"],"_links":{"self":[{"href":"https:\/\/www.sincomam.org.br\/index.php\/wp-json\/wp\/v2\/posts\/47947","targetHints":{"allow":["GET"]}}],"collection":[{"href":"https:\/\/www.sincomam.org.br\/index.php\/wp-json\/wp\/v2\/posts"}],"about":[{"href":"https:\/\/www.sincomam.org.br\/index.php\/wp-json\/wp\/v2\/types\/post"}],"author":[{"embeddable":true,"href":"https:\/\/www.sincomam.org.br\/index.php\/wp-json\/wp\/v2\/users\/1527"}],"replies":[{"embeddable":true,"href":"https:\/\/www.sincomam.org.br\/index.php\/wp-json\/wp\/v2\/comments?post=47947"}],"version-history":[{"count":1,"href":"https:\/\/www.sincomam.org.br\/index.php\/wp-json\/wp\/v2\/posts\/47947\/revisions"}],"predecessor-version":[{"id":47949,"href":"https:\/\/www.sincomam.org.br\/index.php\/wp-json\/wp\/v2\/posts\/47947\/revisions\/47949"}],"wp:featuredmedia":[{"embeddable":true,"href":"https:\/\/www.sincomam.org.br\/index.php\/wp-json\/wp\/v2\/media\/47948"}],"wp:attachment":[{"href":"https:\/\/www.sincomam.org.br\/index.php\/wp-json\/wp\/v2\/media?parent=47947"}],"wp:term":[{"taxonomy":"category","embeddable":true,"href":"https:\/\/www.sincomam.org.br\/index.php\/wp-json\/wp\/v2\/categories?post=47947"},{"taxonomy":"post_tag","embeddable":true,"href":"https:\/\/www.sincomam.org.br\/index.php\/wp-json\/wp\/v2\/tags?post=47947"}],"curies":[{"name":"wp","href":"https:\/\/api.w.org\/{rel}","templated":true}]}}