{"id":47941,"date":"2023-10-17T10:42:22","date_gmt":"2023-10-17T13:42:22","guid":{"rendered":"http:\/\/www.sincomam.org.br\/?p=47941"},"modified":"2023-10-17T10:42:22","modified_gmt":"2023-10-17T13:42:22","slug":"marinha-forma-aquaviarios-em-comunidades-indigenas-do-alto-solimoes","status":"publish","type":"post","link":"https:\/\/www.sincomam.org.br\/index.php\/marinha-forma-aquaviarios-em-comunidades-indigenas-do-alto-solimoes\/","title":{"rendered":"Marinha forma aquavi\u00e1rios em comunidades ind\u00edgenas do Alto Solim\u00f5es"},"content":{"rendered":"<p class=\"rtejustify\">Entre 21 de setembro e 10 de outubro, a Capitania Fluvial de Tabatinga, organiza\u00e7\u00e3o da Marinha do Brasil (MB) subordinada ao Comando do 9\u00ba Distrito Naval, realizou Cursos de Forma\u00e7\u00e3o e de Adapta\u00e7\u00e3o de Aquavi\u00e1rios, al\u00e9m de a\u00e7\u00f5es de fiscaliza\u00e7\u00e3o e servi\u00e7os de regulariza\u00e7\u00e3o documental de condutores e de embarca\u00e7\u00f5es, por meio do seu Projeto \u201cCapitania Itinerante\u201d, na regi\u00e3o do Alto Solim\u00f5es.<\/p>\n<p class=\"rtejustify\">Durante a a\u00e7\u00e3o, foram contempladas comunidades ind\u00edgenas localizadas nos munic\u00edpios amazonenses de S\u00e3o Paulo do Oliven\u00e7a, Santo Ant\u00f4nio do I\u00e7\u00e1 e Juta\u00ed. A capacita\u00e7\u00e3o realizada nesse per\u00edodo conclui um ciclo de mais de 20 cursos profissionais mar\u00edtimos, sendo oito realizados em comunidades ind\u00edgenas, formando cerca de 250 ind\u00edgenas como novos profissionais Fluvi\u00e1rios. Os cursos ministrados foram concebidos pela Autoridade Mar\u00edtima para atender a necessidade de habilitar tripulantes para embarca\u00e7\u00f5es com propuls\u00e3o a motor, empregadas em toda a Amaz\u00f4nia.<\/p>\n<p class=\"rtejustify\">\u201cO ambiente amaz\u00f4nico \u00e9 caracterizado pelas grandes dist\u00e2ncias e aus\u00eancia de estradas, onde os rios s\u00e3o a \u00fanica alternativa vi\u00e1vel de locomo\u00e7\u00e3o. Em todas as localidades de nossa jurisdi\u00e7\u00e3o h\u00e1 embarca\u00e7\u00f5es engajadas no transporte de cargas e passageiros, sendo imprescind\u00edvel que haja tamb\u00e9m aquavi\u00e1rios formados para conduzir e tripular essas embarca\u00e7\u00f5es. Por isso, levamos os cursos \u00e0s comunidades ribeirinhas e ind\u00edgenas, pois para a maioria n\u00e3o seria poss\u00edvel frequentar cursos na sede da Capitania, em Tabatinga\u201d, afirmou o Capit\u00e3o dos Portos de Tabatinga, Capit\u00e3o de Fragata Ricardo Sampaio Bastos.<\/p>\n<p class=\"rtejustify\">Os Cursos de Forma\u00e7\u00e3o de Aquavi\u00e1rios nas regi\u00f5es mais afastadas da Amaz\u00f4nia representam um esfor\u00e7o da MB para fortalecer as comunidades ind\u00edgenas, capacitando-as para desempenhar um papel fundamental na prote\u00e7\u00e3o e desenvolvimento sustent\u00e1vel desta vasta regi\u00e3o. \u201c\u00c9 muito importante para todos n\u00f3s a Marinha vir aqui fazer esses cursos, porque tudo que fazemos \u00e9 atrav\u00e9s das \u2018rabetas\u2019, para pescar, para ir para outros locais, tudo \u00e9 atrav\u00e9s dos rios\u201d, afirmou Luciana Costodio, Cacique da Comunidade de Campo Alegre.<\/p>\n<p class=\"rtejustify\">A forma\u00e7\u00e3o desses aquavi\u00e1rios tem impacto na regi\u00e3o, pois propicia oportunidades de emprego e gera\u00e7\u00e3o de renda para os alunos, fortalece a capacidade de proteger e preservar o meio ambiente, no trabalho desenvolvido contra a polui\u00e7\u00e3o h\u00eddrica, al\u00e9m da promo\u00e7\u00e3o da seguran\u00e7a da navega\u00e7\u00e3o e da salvaguarda da vida humana, assunto presente em todos os cursos, por exemplo, nas instru\u00e7\u00f5es de utiliza\u00e7\u00e3o de coletes salva-vidas para os tripulantes e passageiros.<\/p>\n<p><strong>Presen\u00e7a da Autoridade Mar\u00edtima<\/strong><br \/>\nNo per\u00edodo, al\u00e9m das a\u00e7\u00f5es do Ensino Profissional Mar\u00edtimo, foram realizados servi\u00e7os de Capitania Itinerante, com atendimento aos aquavi\u00e1rios e a\u00e7\u00f5es de fiscaliza\u00e7\u00e3o do tr\u00e1fego de embarca\u00e7\u00f5es nos munic\u00edpios de Juta\u00ed, Tonantins, Santo Ant\u00f4nio do I\u00e7\u00e1, Amatur\u00e1 e S\u00e3o Paulo do Oliven\u00e7a, al\u00e9m de suas comunidades adjacentes, somando-se mais de 700 milhas navegadas (cerca de 1.200 quil\u00f4metros).<\/p>\n<p>Os militares da Capitania trabalharam na orienta\u00e7\u00e3o e conscientiza\u00e7\u00e3o das tripula\u00e7\u00f5es das embarca\u00e7\u00f5es, com rela\u00e7\u00e3o \u00e0 seguran\u00e7a da navega\u00e7\u00e3o e preven\u00e7\u00e3o da polui\u00e7\u00e3o h\u00eddrica. Foram realizadas mais de 700 atividades, que inclu\u00edram um total de 550 abordagens para Inspe\u00e7\u00e3o Naval, e servi\u00e7os, como a regulariza\u00e7\u00e3o das embarca\u00e7\u00f5es e dos aquavi\u00e1rios, com 98 novas embarca\u00e7\u00f5es inscritas e 75 Cadernetas de Inscri\u00e7\u00e3o e Registro entregues, al\u00e9m de revalida\u00e7\u00f5es e 2\u00aa vias. A miss\u00e3o tamb\u00e9m percorreu as vias naveg\u00e1veis da jurisdi\u00e7\u00e3o da Capitania, com o intuito de identificar poss\u00edveis perigos \u00e0 navega\u00e7\u00e3o devido \u00e0 prolongada estiagem que atinge atualmente o Alto Rio Solim\u00f5es.<\/p>\n<p>Fonte: Ag\u00eancia Marinha de Not\u00edcias<\/p>\n","protected":false},"excerpt":{"rendered":"<p>Entre 21 de setembro e 10 de outubro, a Capitania Fluvial de Tabatinga, organiza\u00e7\u00e3o da Marinha do Brasil (MB) subordinada ao Comando do 9\u00ba Distrito&#8230;<\/p>\n","protected":false},"author":1527,"featured_media":47942,"comment_status":"closed","ping_status":"closed","sticky":false,"template":"","format":"standard","meta":{"footnotes":""},"categories":[6],"tags":[],"class_list":["post-47941","post","type-post","status-publish","format-standard","has-post-thumbnail","hentry","category-noticias"],"_links":{"self":[{"href":"https:\/\/www.sincomam.org.br\/index.php\/wp-json\/wp\/v2\/posts\/47941","targetHints":{"allow":["GET"]}}],"collection":[{"href":"https:\/\/www.sincomam.org.br\/index.php\/wp-json\/wp\/v2\/posts"}],"about":[{"href":"https:\/\/www.sincomam.org.br\/index.php\/wp-json\/wp\/v2\/types\/post"}],"author":[{"embeddable":true,"href":"https:\/\/www.sincomam.org.br\/index.php\/wp-json\/wp\/v2\/users\/1527"}],"replies":[{"embeddable":true,"href":"https:\/\/www.sincomam.org.br\/index.php\/wp-json\/wp\/v2\/comments?post=47941"}],"version-history":[{"count":1,"href":"https:\/\/www.sincomam.org.br\/index.php\/wp-json\/wp\/v2\/posts\/47941\/revisions"}],"predecessor-version":[{"id":47943,"href":"https:\/\/www.sincomam.org.br\/index.php\/wp-json\/wp\/v2\/posts\/47941\/revisions\/47943"}],"wp:featuredmedia":[{"embeddable":true,"href":"https:\/\/www.sincomam.org.br\/index.php\/wp-json\/wp\/v2\/media\/47942"}],"wp:attachment":[{"href":"https:\/\/www.sincomam.org.br\/index.php\/wp-json\/wp\/v2\/media?parent=47941"}],"wp:term":[{"taxonomy":"category","embeddable":true,"href":"https:\/\/www.sincomam.org.br\/index.php\/wp-json\/wp\/v2\/categories?post=47941"},{"taxonomy":"post_tag","embeddable":true,"href":"https:\/\/www.sincomam.org.br\/index.php\/wp-json\/wp\/v2\/tags?post=47941"}],"curies":[{"name":"wp","href":"https:\/\/api.w.org\/{rel}","templated":true}]}}