{"id":47935,"date":"2023-10-17T10:37:54","date_gmt":"2023-10-17T13:37:54","guid":{"rendered":"http:\/\/www.sincomam.org.br\/?p=47935"},"modified":"2023-10-17T10:37:54","modified_gmt":"2023-10-17T13:37:54","slug":"apm-investira-r-16-bilhao-em-terminal-de-conteineres-em-suape","status":"publish","type":"post","link":"https:\/\/www.sincomam.org.br\/index.php\/apm-investira-r-16-bilhao-em-terminal-de-conteineres-em-suape\/","title":{"rendered":"APM investir\u00e1 R$ 1,6 bilh\u00e3o em terminal de cont\u00eaineres em Suape"},"content":{"rendered":"<p>A governadora de Pernambuco Raquel Lyra anunciou nesta segunda-feira (16) a instala\u00e7\u00e3o de um novo terminal de cont\u00eaineres no Complexo Industrial Portu\u00e1rio de Suape. A gestora e o ministro de Portos e Aeroportos, Silvio Costa Filho, assinaram a autoriza\u00e7\u00e3o para viabiliza\u00e7\u00e3o do empreendimento.<\/p>\n<p>O terminal ser\u00e1 instalado pela APM Terminals, subsidi\u00e1ria da A.P Moller-Maersk, com investimento de aproximadamente R$ 1,6 bilh\u00e3o. No per\u00edodo da obra, ser\u00e3o gerados 500 empregos diretos e dois mil indiretos. Quando estiver em opera\u00e7\u00e3o, o terminal vai gerar 350 postos de trabalho diretos e 1,4 mil indiretos.<\/p>\n<p>\u201cEsse investimento garante mais competitividade para o Porto de Suape. A amplia\u00e7\u00e3o permitir\u00e1 que Pernambuco se reposicione do ponto de vista log\u00edstico tanto para o Brasil quanto para o mundo. O novo terminal vai permitir que o estado possa quintuplicar todos os cont\u00eaineres, para que possa receber mais carga, ampliando a gera\u00e7\u00e3o de novos neg\u00f3cios&#8221;, destacou Raquel Lyra.<\/p>\n<p>As obras do empreendimento ser\u00e3o iniciadas em 2024 e a APM Terminals planeja iniciar as opera\u00e7\u00f5es em 2026. \u201cEsse novo terminal vai colocar Pernambuco no hub internacional, fazendo com que a gente possa ampliar as exporta\u00e7\u00f5es do estado e do Nordeste. Essa iniciativa dialoga com o conjunto de interven\u00e7\u00f5es que est\u00e3o sendo feitas pelo governo federal, em parceria com o governo do estado\u201d, afirmou o ministro Silvio Costa Filho.<\/p>\n<p>Com ocupa\u00e7\u00e3o prevista em uma \u00e1rea de cerca de 50 hectares, o terminal ter\u00e1 capacidade inicial de movimentar, anualmente, 400 mil TEUs, podendo ultrapassar a marca de 1,3 milh\u00e3o de TEUs anuais quando estiver em pleno funcionamento. Em 2022, o atracadouro movimentou 492.194,00 TEUs no Terminal de Cont\u00eaineres do Porto de Suape.<\/p>\n<p>\u201cEste ser\u00e1 o primeiro terminal 100% eletrificado na Am\u00e9rica Latina. Todos os equipamentos ser\u00e3o el\u00e9tricos, com tecnologia e processos de ponta, como um sistema completo de gest\u00e3o ambiental, gest\u00e3o de res\u00edduos, tratamento de \u00e1guas residuais e modelagem de fluxo de \u00e1guas subterr\u00e2neas para controle de polui\u00e7\u00e3o. Tamb\u00e9m ter\u00e1 rede 5G pr\u00f3pria, que possibilitar\u00e1 transmitir informa\u00e7\u00f5es em tempo real para os clientes, 24 horas por dia, sete dias por semana\u201d, ressaltou o diretor-presidente da APM Terminals Suape, Aristides Russi Junior.<\/p>\n<p>\u201cO porto, que tem posi\u00e7\u00e3o geogr\u00e1fica estrat\u00e9gica, com sete capitais nordestinas situadas num raio de 800 quil\u00f4metros, concentrar\u00e1 volumes ainda maiores de cargas conteinerizadas a serem distribu\u00eddas na regi\u00e3o e no restante do pa\u00eds, com significativa redu\u00e7\u00e3o de custos, tornando-se mais competitivo\u201d, enfatizou o diretor-presidente da estatal portu\u00e1ria, Marcio Guiot.<\/p>\n<p>De acordo com estudos da APM Terminals, a previs\u00e3o do setor \u00e9 de que, at\u00e9 2030, Suape tenha aproximadamente 5% do share de movimenta\u00e7\u00f5es no Brasil. O porto \u00e9 o sexto em movimenta\u00e7\u00e3o de carga do pa\u00eds.<\/p>\n<p>O novo terminal \u00e9 resultado do revocacionamento dos estaleiros do cluster naval de Suape, ap\u00f3s a venda de parte da \u00e1rea pertencente ao Estaleiro Atl\u00e2ntico Sul (EAS). O processo teve desfecho com a realiza\u00e7\u00e3o de um leil\u00e3o, em julho de 2022, quando a Maersk cobriu a maior oferta com um valor de R$ 455 milh\u00f5es. Esse resultado j\u00e1 foi homologado pela Justi\u00e7a Federal para o pagamento de parte do passivo aos credores do EAS.<\/p>\n<p>Fonte: Portos e Navios<\/p>\n","protected":false},"excerpt":{"rendered":"<p>A governadora de Pernambuco Raquel Lyra anunciou nesta segunda-feira (16) a instala\u00e7\u00e3o de um novo terminal de cont\u00eaineres no Complexo Industrial Portu\u00e1rio de Suape. A&#8230;<\/p>\n","protected":false},"author":1527,"featured_media":47936,"comment_status":"closed","ping_status":"closed","sticky":false,"template":"","format":"standard","meta":{"footnotes":""},"categories":[6],"tags":[],"class_list":["post-47935","post","type-post","status-publish","format-standard","has-post-thumbnail","hentry","category-noticias"],"_links":{"self":[{"href":"https:\/\/www.sincomam.org.br\/index.php\/wp-json\/wp\/v2\/posts\/47935","targetHints":{"allow":["GET"]}}],"collection":[{"href":"https:\/\/www.sincomam.org.br\/index.php\/wp-json\/wp\/v2\/posts"}],"about":[{"href":"https:\/\/www.sincomam.org.br\/index.php\/wp-json\/wp\/v2\/types\/post"}],"author":[{"embeddable":true,"href":"https:\/\/www.sincomam.org.br\/index.php\/wp-json\/wp\/v2\/users\/1527"}],"replies":[{"embeddable":true,"href":"https:\/\/www.sincomam.org.br\/index.php\/wp-json\/wp\/v2\/comments?post=47935"}],"version-history":[{"count":1,"href":"https:\/\/www.sincomam.org.br\/index.php\/wp-json\/wp\/v2\/posts\/47935\/revisions"}],"predecessor-version":[{"id":47937,"href":"https:\/\/www.sincomam.org.br\/index.php\/wp-json\/wp\/v2\/posts\/47935\/revisions\/47937"}],"wp:featuredmedia":[{"embeddable":true,"href":"https:\/\/www.sincomam.org.br\/index.php\/wp-json\/wp\/v2\/media\/47936"}],"wp:attachment":[{"href":"https:\/\/www.sincomam.org.br\/index.php\/wp-json\/wp\/v2\/media?parent=47935"}],"wp:term":[{"taxonomy":"category","embeddable":true,"href":"https:\/\/www.sincomam.org.br\/index.php\/wp-json\/wp\/v2\/categories?post=47935"},{"taxonomy":"post_tag","embeddable":true,"href":"https:\/\/www.sincomam.org.br\/index.php\/wp-json\/wp\/v2\/tags?post=47935"}],"curies":[{"name":"wp","href":"https:\/\/api.w.org\/{rel}","templated":true}]}}