{"id":47930,"date":"2023-10-16T12:54:48","date_gmt":"2023-10-16T15:54:48","guid":{"rendered":"http:\/\/www.sincomam.org.br\/?p=47930"},"modified":"2023-10-16T12:54:48","modified_gmt":"2023-10-16T15:54:48","slug":"ministro-da-justica-se-reune-com-forcas-federais-no-rio","status":"publish","type":"post","link":"https:\/\/www.sincomam.org.br\/index.php\/ministro-da-justica-se-reune-com-forcas-federais-no-rio\/","title":{"rendered":"Ministro da Justi\u00e7a se re\u00fane com for\u00e7as federais no Rio"},"content":{"rendered":"<p>O ministro da Justi\u00e7a e Seguran\u00e7a P\u00fablica, Fl\u00e1vio Dino, se re\u00fane nesta segunda-feira (16) com representantes da For\u00e7a Nacional de Seguran\u00e7a (FNS), Pol\u00edcia Federal (PF) e Pol\u00edcia Rodovi\u00e1ria Federal (PRF), no Rio de Janeiro.\u00a0<img decoding=\"async\" src=\"https:\/\/agenciabrasil.ebc.com.br\/ebc.png?id=1560879&amp;o=node\" \/><img decoding=\"async\" src=\"https:\/\/agenciabrasil.ebc.com.br\/ebc.gif?id=1560879&amp;o=node\" \/><\/p>\n<p>Agentes da FNS chegaram nesse\u00a0fim de semana ao Rio de Janeiro e hoje\u00a0(16) come\u00e7ar\u00e3o a atuar em apoio \u00e0s for\u00e7as estaduais fluminenses, como parte de Opera\u00e7\u00e3o Mar\u00e9, iniciada na semana passada.<\/p>\n<p>S\u00e3o 300 agentes previstos para participar da opera\u00e7\u00e3o, dos quais 150 j\u00e1 est\u00e3o no estado. Eles dever\u00e3o atuar em rodovias, juntamente com a PRF. A PF tamb\u00e9m atuar\u00e1 na Opera\u00e7\u00e3o Mar\u00e9, dando suporte na \u00e1rea de intelig\u00eancia.<\/p>\n<p>\u201cA atua\u00e7\u00e3o ser\u00e1 em \u00e1reas de compet\u00eancia federal e medidas derivadas do setor da Intelig\u00eancia, que tamb\u00e9m est\u00e1 sendo ampliado\u201d, escreveu Dino, em seu perfil na rede social X, na noite de domingo (15).<\/p>\n<p>A Opera\u00e7\u00e3o Mar\u00e9, anunciada no fim de setembro pelo governo fluminense, visa combater a atua\u00e7\u00e3o de fac\u00e7\u00f5es criminosas que controlam a venda de drogas em favelas do Rio de Janeiro.<\/p>\n<p>Fonte: Ag\u00eancia Brasil<\/p>\n","protected":false},"excerpt":{"rendered":"<p>O ministro da Justi\u00e7a e Seguran\u00e7a P\u00fablica, Fl\u00e1vio Dino, se re\u00fane nesta segunda-feira (16) com representantes da For\u00e7a Nacional de Seguran\u00e7a (FNS), Pol\u00edcia Federal (PF)&#8230;<\/p>\n","protected":false},"author":1527,"featured_media":47931,"comment_status":"closed","ping_status":"closed","sticky":false,"template":"","format":"standard","meta":{"footnotes":""},"categories":[6],"tags":[],"class_list":["post-47930","post","type-post","status-publish","format-standard","has-post-thumbnail","hentry","category-noticias"],"_links":{"self":[{"href":"https:\/\/www.sincomam.org.br\/index.php\/wp-json\/wp\/v2\/posts\/47930","targetHints":{"allow":["GET"]}}],"collection":[{"href":"https:\/\/www.sincomam.org.br\/index.php\/wp-json\/wp\/v2\/posts"}],"about":[{"href":"https:\/\/www.sincomam.org.br\/index.php\/wp-json\/wp\/v2\/types\/post"}],"author":[{"embeddable":true,"href":"https:\/\/www.sincomam.org.br\/index.php\/wp-json\/wp\/v2\/users\/1527"}],"replies":[{"embeddable":true,"href":"https:\/\/www.sincomam.org.br\/index.php\/wp-json\/wp\/v2\/comments?post=47930"}],"version-history":[{"count":1,"href":"https:\/\/www.sincomam.org.br\/index.php\/wp-json\/wp\/v2\/posts\/47930\/revisions"}],"predecessor-version":[{"id":47932,"href":"https:\/\/www.sincomam.org.br\/index.php\/wp-json\/wp\/v2\/posts\/47930\/revisions\/47932"}],"wp:featuredmedia":[{"embeddable":true,"href":"https:\/\/www.sincomam.org.br\/index.php\/wp-json\/wp\/v2\/media\/47931"}],"wp:attachment":[{"href":"https:\/\/www.sincomam.org.br\/index.php\/wp-json\/wp\/v2\/media?parent=47930"}],"wp:term":[{"taxonomy":"category","embeddable":true,"href":"https:\/\/www.sincomam.org.br\/index.php\/wp-json\/wp\/v2\/categories?post=47930"},{"taxonomy":"post_tag","embeddable":true,"href":"https:\/\/www.sincomam.org.br\/index.php\/wp-json\/wp\/v2\/tags?post=47930"}],"curies":[{"name":"wp","href":"https:\/\/api.w.org\/{rel}","templated":true}]}}