{"id":47907,"date":"2023-10-13T10:15:35","date_gmt":"2023-10-13T13:15:35","guid":{"rendered":"http:\/\/www.sincomam.org.br\/?p=47907"},"modified":"2023-10-13T10:15:35","modified_gmt":"2023-10-13T13:15:35","slug":"lula-conversa-com-presidente-de-israel-e-pede-corredor-humanitario","status":"publish","type":"post","link":"https:\/\/www.sincomam.org.br\/index.php\/lula-conversa-com-presidente-de-israel-e-pede-corredor-humanitario\/","title":{"rendered":"Lula conversa com presidente de Israel e pede corredor humanit\u00e1rio"},"content":{"rendered":"<p>O presidente Luiz In\u00e1cio Lula da Silva conversou por telefone com o presidente de Israel, Isaac Herzog, nesta quinta-feira (12). Em postagem nas redes sociais, Lula afirmou ter agradecido o apoio para a opera\u00e7\u00e3o de retirada dos brasileiros de Israel, al\u00e9m de ter reiterado a condena\u00e7\u00e3o brasileira aos ataques promovidos pelo grupo Hamas, que o presidente classificou como atos terroristas.\u00a0<img decoding=\"async\" src=\"https:\/\/agenciabrasil.ebc.com.br\/ebc.png?id=1560607&amp;o=node\" \/><img decoding=\"async\" src=\"https:\/\/agenciabrasil.ebc.com.br\/ebc.gif?id=1560607&amp;o=node\" \/><\/p>\n<p>&#8220;Agradeci o apoio para a opera\u00e7\u00e3o de retirada dos brasileiros que desejam retornar ao nosso pa\u00eds. Reafirmei a condena\u00e7\u00e3o brasileira aos ataques terroristas e nossa solidariedade com os familiares das v\u00edtimas&#8221;, disse.<\/p>\n<p>Lula tamb\u00e9m pediu ao chefe de Estado israelense para que n\u00e3o deixe faltar \u00e1gua, luz e rem\u00e9dios em hospitais, e fez um apelo pela abertura de um corredor humanit\u00e1rio que permita \u00e0s pessoas sa\u00edrem da Faixa de Gaza, a zona mais cr\u00edtica da Palestina, que tem sofrido com bombardeios e cerco militar.<\/p>\n<p>&#8220;N\u00e3o \u00e9 poss\u00edvel que os inocentes sejam v\u00edtimas da insanidade daqueles que querem a guerra. Transmiti meu apelo por um corredor humanit\u00e1rio para que as pessoas que queiram sair da Faixa de Gaza pelo Egito tenham seguran\u00e7a. E que o Brasil est\u00e1 \u00e0 disposi\u00e7\u00e3o para tentar encontrar um caminho para a paz&#8221;, escreveu.<\/p>\n<p>Em Israel, o sistema de governo \u00e9 parlamentarista. O presidente \u00e9 o chefe de Estado, eleito pelo Parlamento do pa\u00eds. O Poder Executivo \u00e9 exercido pelo primeiro-ministro, o chefe de governo, escolhido entre o partido ou coaliz\u00e3o que obtenha a maioria das cadeiras no Legislativo. Atualmente, esse cargo \u00e9 ocupado por Benjamin Netanyahu<\/p>\n<p>A viol\u00eancia em Israel e na Palestina chegou ao sexto dia nesta quinta, com a continuidade de intensos bombardeios na Faixa de Gaza, onde vivem 2,3 milh\u00f5es de palestinos. Autoridades locais j\u00e1 contabilizam 1,2 mil mortes e mais de 5 mil feridos. H\u00e1 pelo menos 180 mil desabrigados.<\/p>\n<p>Em Israel, segundo a emissora p\u00fablica Kan, o n\u00famero de mortos havia aumentado para 1,3 mil desde o \u00faltimo s\u00e1bado, quando come\u00e7aram os ataques violentos promovidos pelo grupo isl\u00e2mico Hamas.<\/p>\n<p>O Programa Mundial de Alimentos das Na\u00e7\u00f5es Unidas (PMA)\u00a0tamb\u00e9m alertou\u00a0nesta quinta\u00a0que suprimentos essenciais, incluindo comida e \u00e1gua, estavam em um n\u00edvel perigosamente baixo em Gaza, depois do bloqueio imposto por Israel ao enclave.<\/p>\n<p>Fonte: Ag\u00eancia Brasil<\/p>\n","protected":false},"excerpt":{"rendered":"<p>O presidente Luiz In\u00e1cio Lula da Silva conversou por telefone com o presidente de Israel, Isaac Herzog, nesta quinta-feira (12). Em postagem nas redes sociais,&#8230;<\/p>\n","protected":false},"author":1527,"featured_media":47908,"comment_status":"closed","ping_status":"closed","sticky":false,"template":"","format":"standard","meta":{"footnotes":""},"categories":[6],"tags":[],"class_list":["post-47907","post","type-post","status-publish","format-standard","has-post-thumbnail","hentry","category-noticias"],"_links":{"self":[{"href":"https:\/\/www.sincomam.org.br\/index.php\/wp-json\/wp\/v2\/posts\/47907","targetHints":{"allow":["GET"]}}],"collection":[{"href":"https:\/\/www.sincomam.org.br\/index.php\/wp-json\/wp\/v2\/posts"}],"about":[{"href":"https:\/\/www.sincomam.org.br\/index.php\/wp-json\/wp\/v2\/types\/post"}],"author":[{"embeddable":true,"href":"https:\/\/www.sincomam.org.br\/index.php\/wp-json\/wp\/v2\/users\/1527"}],"replies":[{"embeddable":true,"href":"https:\/\/www.sincomam.org.br\/index.php\/wp-json\/wp\/v2\/comments?post=47907"}],"version-history":[{"count":1,"href":"https:\/\/www.sincomam.org.br\/index.php\/wp-json\/wp\/v2\/posts\/47907\/revisions"}],"predecessor-version":[{"id":47909,"href":"https:\/\/www.sincomam.org.br\/index.php\/wp-json\/wp\/v2\/posts\/47907\/revisions\/47909"}],"wp:featuredmedia":[{"embeddable":true,"href":"https:\/\/www.sincomam.org.br\/index.php\/wp-json\/wp\/v2\/media\/47908"}],"wp:attachment":[{"href":"https:\/\/www.sincomam.org.br\/index.php\/wp-json\/wp\/v2\/media?parent=47907"}],"wp:term":[{"taxonomy":"category","embeddable":true,"href":"https:\/\/www.sincomam.org.br\/index.php\/wp-json\/wp\/v2\/categories?post=47907"},{"taxonomy":"post_tag","embeddable":true,"href":"https:\/\/www.sincomam.org.br\/index.php\/wp-json\/wp\/v2\/tags?post=47907"}],"curies":[{"name":"wp","href":"https:\/\/api.w.org\/{rel}","templated":true}]}}