{"id":47889,"date":"2023-10-13T10:03:06","date_gmt":"2023-10-13T13:03:06","guid":{"rendered":"http:\/\/www.sincomam.org.br\/?p=47889"},"modified":"2023-10-13T10:03:06","modified_gmt":"2023-10-13T13:03:06","slug":"novo-polo-da-universidade-petrobras-e-instalado-no-rio-grande-do-norte","status":"publish","type":"post","link":"https:\/\/www.sincomam.org.br\/index.php\/novo-polo-da-universidade-petrobras-e-instalado-no-rio-grande-do-norte\/","title":{"rendered":"Novo Polo da Universidade Petrobras \u00e9 instalado no Rio Grande do Norte"},"content":{"rendered":"<p>A Petrobras lan\u00e7ou neste m\u00eas de outubro o Polo Regional da Universidade Petrobras no Rio Grande do Norte. Este \u00e9 um marco importante na hist\u00f3ria da Petrobras e reafirma o compromisso da empresa em fortalecer sua presen\u00e7a no Nordeste, transformando a regi\u00e3o em um importante polo de investimentos em transi\u00e7\u00e3o energ\u00e9tica. Com a an\u00e1lise e implementa\u00e7\u00e3o de projetos relacionados \u00e0 energia e\u00f3lica e solar, aproveitando as vastas \u00e1reas dispon\u00edveis no estado, a Petrobras quer fazer parte do desenvolvimento de um ecossistema sustent\u00e1vel onde construir\u00e1 um hub de projetos de energia e\u00f3lica.<\/p>\n<p>O novo Polo Regional da Universidade Petrobras criar\u00e1 condi\u00e7\u00f5es e oportunidades para a forma\u00e7\u00e3o de parcerias com institui\u00e7\u00f5es de ensino locais, associa\u00e7\u00f5es profissionais e outras empresas da regi\u00e3o. A Petrobras est\u00e1 construindo uma importante parceria t\u00e9cnica com o Hub de Inova\u00e7\u00e3o e Tecnologia do SENAI-RN, em Natal, com o Instituto Federal do Rio Grande do Norte (IFRN), Faculdades de Energias Renov\u00e1veis em Natal e Mossor\u00f3. Al\u00e9m disso, o CTGAS-ER (Centro de Tecnologias do G\u00e1s e Energias Renov\u00e1veis) \u00e9 uma institui\u00e7\u00e3o de refer\u00eancia na \u00e1rea de energias renov\u00e1veis no Rio Grande do Norte, oferecendo cursos, projetos e servi\u00e7os de pesquisa e desenvolvimento.<\/p>\n<p>Parcerias estrat\u00e9gicas poder\u00e3o promover uma rica troca de conhecimento, compartilhamento de recursos e colabora\u00e7\u00e3o em projetos de pesquisa e desenvolvimento. A Universidade Petrobras (UP) tem um compromisso com a transi\u00e7\u00e3o energ\u00e9tica da companhia. O novo Campus avan\u00e7ado em Natal \u00e9 um passo importante nessa dire\u00e7\u00e3o. A presen\u00e7a da UP na regi\u00e3o permitir\u00e1 uma melhor compreens\u00e3o de necessidades locais e, assim, poder\u00e3o ser desenvolvidos programas de treinamento mais adequados \u00e0 realidade da regi\u00e3o. Isso pode incluir aspectos t\u00e9cnicos espec\u00edficos, requisitos regulat\u00f3rios e cultural, possibilitando abordagens adaptadas \u00e0s caracter\u00edsticas da regi\u00e3o. A chegada da UP desempenha um papel importante no desenvolvimento de talentos locais, fortalecendo a capacidade da for\u00e7a de trabalho da empresa e estimulando o crescimento econ\u00f4mico regional, ao fornecer uma m\u00e3o de obra especializada localmente, al\u00e9m de estimular iniciativas de gera\u00e7\u00e3o de emprego e renda. O Polo Regional da Universidade Petrobras no Rio Grande do Norte contribuir\u00e1 para o desenvolvimento sustent\u00e1vel da regi\u00e3o e do pa\u00eds, capacitando profissionais e desenvolvendo tecnologias voltadas para fontes mais limpas e sustent\u00e1veis de energia.<\/p>\n<p>Durante o lan\u00e7amento, estiveram presentes o Gerente Executivo de Gest\u00e3o Integrada de Transi\u00e7\u00e3o Energ\u00e9tica, Cristiano Levone de Oliveira e o Gerente Geral da Universidade Petrobras, Antonio Felipe Flutt. Ao falar sobre a energia do futuro, Levone destacou o papel da Petrobras na transi\u00e7\u00e3o energ\u00e9tica justa, em linha com as empresas cong\u00eaneres internacionais, priorizando a import\u00e2ncia de parcerias de excel\u00eancia t\u00e9cnica, para atuar em neg\u00f3cios de baixo carbono, diversificando o portf\u00f3lio de forma rent\u00e1vel e promovendo a pereniza\u00e7\u00e3o da Petrobras.<\/p>\n<p>O evento reuniu representantes de institui\u00e7\u00f5es educacionais do estado, como universidades, institutos e grupos de pesquisa, al\u00e9m de representantes da Secretaria de Educa\u00e7\u00e3o do Governo do RN e da FIERN.<\/p>\n<p>Fonte: Portos e Navios<\/p>\n","protected":false},"excerpt":{"rendered":"<p>A Petrobras lan\u00e7ou neste m\u00eas de outubro o Polo Regional da Universidade Petrobras no Rio Grande do Norte. Este \u00e9 um marco importante na hist\u00f3ria&#8230;<\/p>\n","protected":false},"author":1527,"featured_media":47890,"comment_status":"closed","ping_status":"closed","sticky":false,"template":"","format":"standard","meta":{"footnotes":""},"categories":[6],"tags":[],"class_list":["post-47889","post","type-post","status-publish","format-standard","has-post-thumbnail","hentry","category-noticias"],"_links":{"self":[{"href":"https:\/\/www.sincomam.org.br\/index.php\/wp-json\/wp\/v2\/posts\/47889","targetHints":{"allow":["GET"]}}],"collection":[{"href":"https:\/\/www.sincomam.org.br\/index.php\/wp-json\/wp\/v2\/posts"}],"about":[{"href":"https:\/\/www.sincomam.org.br\/index.php\/wp-json\/wp\/v2\/types\/post"}],"author":[{"embeddable":true,"href":"https:\/\/www.sincomam.org.br\/index.php\/wp-json\/wp\/v2\/users\/1527"}],"replies":[{"embeddable":true,"href":"https:\/\/www.sincomam.org.br\/index.php\/wp-json\/wp\/v2\/comments?post=47889"}],"version-history":[{"count":1,"href":"https:\/\/www.sincomam.org.br\/index.php\/wp-json\/wp\/v2\/posts\/47889\/revisions"}],"predecessor-version":[{"id":47891,"href":"https:\/\/www.sincomam.org.br\/index.php\/wp-json\/wp\/v2\/posts\/47889\/revisions\/47891"}],"wp:featuredmedia":[{"embeddable":true,"href":"https:\/\/www.sincomam.org.br\/index.php\/wp-json\/wp\/v2\/media\/47890"}],"wp:attachment":[{"href":"https:\/\/www.sincomam.org.br\/index.php\/wp-json\/wp\/v2\/media?parent=47889"}],"wp:term":[{"taxonomy":"category","embeddable":true,"href":"https:\/\/www.sincomam.org.br\/index.php\/wp-json\/wp\/v2\/categories?post=47889"},{"taxonomy":"post_tag","embeddable":true,"href":"https:\/\/www.sincomam.org.br\/index.php\/wp-json\/wp\/v2\/tags?post=47889"}],"curies":[{"name":"wp","href":"https:\/\/api.w.org\/{rel}","templated":true}]}}