{"id":47883,"date":"2023-10-11T10:25:35","date_gmt":"2023-10-11T13:25:35","guid":{"rendered":"http:\/\/www.sincomam.org.br\/?p=47883"},"modified":"2023-10-11T10:25:35","modified_gmt":"2023-10-11T13:25:35","slug":"rio-madeira-tem-menor-nivel-em-56-anos-diz-agencia-nacional-de-aguas","status":"publish","type":"post","link":"https:\/\/www.sincomam.org.br\/index.php\/rio-madeira-tem-menor-nivel-em-56-anos-diz-agencia-nacional-de-aguas\/","title":{"rendered":"Rio Madeira tem menor n\u00edvel em 56 anos, diz Ag\u00eancia Nacional de \u00c1guas"},"content":{"rendered":"<p>A Ag\u00eancia Nacional de \u00c1guas e Saneamento B\u00e1sico (ANA) declarou, nesta ter\u00e7a-feira (10), em Bras\u00edlia, a situa\u00e7\u00e3o cr\u00edtica de escassez de recursos h\u00eddricos no Rio Madeira, na Amaz\u00f4nia. A medida foi publicada em portaria no\u00a0<a href=\"https:\/\/in.gov.br\/web\/dou\/-\/resolucao-ana-n-164-de-9-outubro-de-2023-515478790\" target=\"_blank\" rel=\"noopener\"><em>Di\u00e1rio Oficial da Uni\u00e3o<\/em><\/a>\u00a0e vale at\u00e9 30 de novembro de 2023.<img decoding=\"async\" src=\"https:\/\/agenciabrasil.ebc.com.br\/ebc.png?id=1559942&amp;o=node\" \/><img decoding=\"async\" src=\"https:\/\/agenciabrasil.ebc.com.br\/ebc.gif?id=1559942&amp;o=node\" \/><\/p>\n<p>Segundo o documento, a decis\u00e3o foi tomada durante a 26\u00aa Reuni\u00e3o Deliberativa Extraordin\u00e1ria da ag\u00eancia, realizada nessa segunda-feira (9), e segue a orienta\u00e7\u00e3o do Comit\u00ea de Monitoramento do Setor El\u00e9trico (CMSE), que, na \u00faltima quarta-feira (4), declarou &#8220;reconhecer a severidade da crise hidrol\u00f3gica de seca na Regi\u00e3o Norte do pa\u00eds, observada em 2023, especialmente a situa\u00e7\u00e3o vivenciada na Bacia do Rio Madeira, com risco de comprometer o atendimento aos estados do Acre e Rond\u00f4nia.\u201d<\/p>\n<p>A ag\u00eancia informou, tamb\u00e9m, que as tr\u00eas principais esta\u00e7\u00f5es fluviom\u00e9tricas, no Rio Madeira, est\u00e3o abaixo da cota em 95% das medi\u00e7\u00f5es. Na esta\u00e7\u00e3o de Porto Velho, Rond\u00f4nia, por exemplo, a cota do rio atingiu o menor n\u00edvel observado em 56 anos de medi\u00e7\u00f5es.<\/p>\n<p>O acompanhamento da vaz\u00e3o da Bacia do Rio Madeira aponta para fluxos menores do que os registrados neste per\u00edodo do ano, na maior parte das medi\u00e7\u00f5es, e os mapas mensais do Monitor de Secas apontam escassez h\u00eddrica, em diferentes n\u00edveis, nas cidades alcan\u00e7adas pelos afluentes e subafluentes do rio.<\/p>\n<p>A gravidade da seca preocupa autoridades pela import\u00e2ncia do Rio Madeira, que atende a v\u00e1rias necessidades de recursos h\u00eddricos, desde a subsist\u00eancia de popula\u00e7\u00f5es que vivem \u00e0s margens dele, ao transporte pela hidrovia Corredor Log\u00edstico Norte, com segundo maior fluxo de passageiros e produtos da regi\u00e3o.<\/p>\n<h2>Atividades suspensas<\/h2>\n<p>Tamb\u00e9m \u00e9 no Rio Madeira que funcionam as Usinas Hidrel\u00e9tricas de Jirau, com capacidade instalada de 3.750 Megawatts (MW) e maior resili\u00eancia \u00e0 seca; e de Santo Ant\u00f4nio, com capacidade instalada de 3.568 MW, o suficiente para abastecer cerca de 45 milh\u00f5es de habitantes, e que est\u00e1 com as\u00a0atividades suspensas\u00a0desde o in\u00edcio deste m\u00eas de outubro<\/p>\n<p>O Grupo T\u00e9cnico de Acompanhamento do Plano de Conting\u00eancia para Enfrentamento dos Impactos Esperados do Fen\u00f4meno\u00a0<em>El Ni\u00f1o<\/em>\u00a0sobre os Recursos H\u00eddricos na Bacia do Rio Amazonas (GTA) \u00e9 a inst\u00e2ncia da ANA que monitora a situa\u00e7\u00e3o hidrometeorol\u00f3gica do Rio Madeira, junto com os \u00f3rg\u00e3os gestores dos recursos h\u00eddricos dos estados alcan\u00e7ados pelos rios da bacia.<\/p>\n<p>De acordo com a portaria, os impactos sobre os usos das \u00e1guas identificados ao longo do per\u00edodo de seca dever\u00e3o receber medidas de preven\u00e7\u00e3o e redu\u00e7\u00e3o dos problemas, assim como a prorroga\u00e7\u00e3o da declara\u00e7\u00e3o de escassez ser\u00e1 analisada conforme as mudan\u00e7as dos n\u00edveis de \u00e1gua aconte\u00e7am.<\/p>\n<p>Fonte: Ag\u00eancia Brasil<\/p>\n","protected":false},"excerpt":{"rendered":"<p>A Ag\u00eancia Nacional de \u00c1guas e Saneamento B\u00e1sico (ANA) declarou, nesta ter\u00e7a-feira (10), em Bras\u00edlia, a situa\u00e7\u00e3o cr\u00edtica de escassez de recursos h\u00eddricos no Rio&#8230;<\/p>\n","protected":false},"author":1527,"featured_media":47884,"comment_status":"closed","ping_status":"closed","sticky":false,"template":"","format":"standard","meta":{"footnotes":""},"categories":[6],"tags":[],"class_list":["post-47883","post","type-post","status-publish","format-standard","has-post-thumbnail","hentry","category-noticias"],"_links":{"self":[{"href":"https:\/\/www.sincomam.org.br\/index.php\/wp-json\/wp\/v2\/posts\/47883","targetHints":{"allow":["GET"]}}],"collection":[{"href":"https:\/\/www.sincomam.org.br\/index.php\/wp-json\/wp\/v2\/posts"}],"about":[{"href":"https:\/\/www.sincomam.org.br\/index.php\/wp-json\/wp\/v2\/types\/post"}],"author":[{"embeddable":true,"href":"https:\/\/www.sincomam.org.br\/index.php\/wp-json\/wp\/v2\/users\/1527"}],"replies":[{"embeddable":true,"href":"https:\/\/www.sincomam.org.br\/index.php\/wp-json\/wp\/v2\/comments?post=47883"}],"version-history":[{"count":1,"href":"https:\/\/www.sincomam.org.br\/index.php\/wp-json\/wp\/v2\/posts\/47883\/revisions"}],"predecessor-version":[{"id":47885,"href":"https:\/\/www.sincomam.org.br\/index.php\/wp-json\/wp\/v2\/posts\/47883\/revisions\/47885"}],"wp:featuredmedia":[{"embeddable":true,"href":"https:\/\/www.sincomam.org.br\/index.php\/wp-json\/wp\/v2\/media\/47884"}],"wp:attachment":[{"href":"https:\/\/www.sincomam.org.br\/index.php\/wp-json\/wp\/v2\/media?parent=47883"}],"wp:term":[{"taxonomy":"category","embeddable":true,"href":"https:\/\/www.sincomam.org.br\/index.php\/wp-json\/wp\/v2\/categories?post=47883"},{"taxonomy":"post_tag","embeddable":true,"href":"https:\/\/www.sincomam.org.br\/index.php\/wp-json\/wp\/v2\/tags?post=47883"}],"curies":[{"name":"wp","href":"https:\/\/api.w.org\/{rel}","templated":true}]}}