{"id":47878,"date":"2023-10-11T10:22:44","date_gmt":"2023-10-11T13:22:44","guid":{"rendered":"http:\/\/www.sincomam.org.br\/?p=47878"},"modified":"2023-10-11T10:22:44","modified_gmt":"2023-10-11T13:22:44","slug":"bancos-nao-abrem-nesta-quinta-mas-funcionam-normalmente-na-sexta","status":"publish","type":"post","link":"https:\/\/www.sincomam.org.br\/index.php\/bancos-nao-abrem-nesta-quinta-mas-funcionam-normalmente-na-sexta\/","title":{"rendered":"Bancos n\u00e3o abrem nesta quinta, mas funcionam normalmente na sexta"},"content":{"rendered":"<div class=\"post-item-wrap\">\n<p>As ag\u00eancias banc\u00e1rias n\u00e3o estar\u00e3o abertas para atendimento presencial\u00a0no feriado de 12 de outubro, Dia de Nossa Senhora Aparecida. Nesta quarta-feira (11) e na sexta-feira (13) elas\u00a0funcionam normalmente.<img decoding=\"async\" src=\"https:\/\/agenciabrasil.ebc.com.br\/ebc.png?id=1560277&amp;o=node\" \/><img decoding=\"async\" src=\"https:\/\/agenciabrasil.ebc.com.br\/ebc.gif?id=1560277&amp;o=node\" \/><\/p>\n<p>De acordo com\u00a0a Federa\u00e7\u00e3o Brasileira de Bancos (Febraban), no s\u00e1bado (14) e no domingo (15)\u00a0as \u00e1reas de autoatendimento dos bancos estar\u00e3o dispon\u00edveis aos clientes, assim como os canais digitais e remotos &#8211;\u00a0<em>sites<\/em>\u00a0e aplicativos &#8211;\u00a0\u00a0para a realiza\u00e7\u00e3o de transfer\u00eancias e pagamentos.<\/p>\n<p>A Febraban\u00a0informou ainda que as contas de consumo (\u00e1gua, energia, telefone, etc.) e os carn\u00eas com vencimento no dia 12 poder\u00e3o ser pagos, sem acr\u00e9scimo, no dia \u00fatil seguinte ao feriado, ou seja, sexta-feira (13).<\/p>\n<p>Caso isso n\u00e3o conste\u00a0no documento de arrecada\u00e7\u00e3o, a sugest\u00e3o \u00e9 antecipar o pagamento. No caso dos t\u00edtulos que t\u00eam c\u00f3digo de barras, a Febraban orienta agendar o pagamento nos caixas eletr\u00f4nicos, internet banking e pelo atendimento telef\u00f4nico dos bancos.<\/p>\n<p>Em rela\u00e7\u00e3o aos boletos banc\u00e1rios de clientes cadastrados como sacados eletr\u00f4nicos, eles poder\u00e3o ser pagos por meio de\u00a0DDA (D\u00e9bito Direto Autorizado).<\/p>\n<\/div>\n<p class=\"alt-font font-italic my-2 small text-info\">Fonte: Ag\u00eancia Brasil<\/p>\n","protected":false},"excerpt":{"rendered":"<p>As ag\u00eancias banc\u00e1rias n\u00e3o estar\u00e3o abertas para atendimento presencial\u00a0no feriado de 12 de outubro, Dia de Nossa Senhora Aparecida. Nesta quarta-feira (11) e na sexta-feira&#8230;<\/p>\n","protected":false},"author":1527,"featured_media":47879,"comment_status":"closed","ping_status":"closed","sticky":false,"template":"","format":"standard","meta":{"footnotes":""},"categories":[6],"tags":[],"class_list":["post-47878","post","type-post","status-publish","format-standard","has-post-thumbnail","hentry","category-noticias"],"_links":{"self":[{"href":"https:\/\/www.sincomam.org.br\/index.php\/wp-json\/wp\/v2\/posts\/47878","targetHints":{"allow":["GET"]}}],"collection":[{"href":"https:\/\/www.sincomam.org.br\/index.php\/wp-json\/wp\/v2\/posts"}],"about":[{"href":"https:\/\/www.sincomam.org.br\/index.php\/wp-json\/wp\/v2\/types\/post"}],"author":[{"embeddable":true,"href":"https:\/\/www.sincomam.org.br\/index.php\/wp-json\/wp\/v2\/users\/1527"}],"replies":[{"embeddable":true,"href":"https:\/\/www.sincomam.org.br\/index.php\/wp-json\/wp\/v2\/comments?post=47878"}],"version-history":[{"count":1,"href":"https:\/\/www.sincomam.org.br\/index.php\/wp-json\/wp\/v2\/posts\/47878\/revisions"}],"predecessor-version":[{"id":47880,"href":"https:\/\/www.sincomam.org.br\/index.php\/wp-json\/wp\/v2\/posts\/47878\/revisions\/47880"}],"wp:featuredmedia":[{"embeddable":true,"href":"https:\/\/www.sincomam.org.br\/index.php\/wp-json\/wp\/v2\/media\/47879"}],"wp:attachment":[{"href":"https:\/\/www.sincomam.org.br\/index.php\/wp-json\/wp\/v2\/media?parent=47878"}],"wp:term":[{"taxonomy":"category","embeddable":true,"href":"https:\/\/www.sincomam.org.br\/index.php\/wp-json\/wp\/v2\/categories?post=47878"},{"taxonomy":"post_tag","embeddable":true,"href":"https:\/\/www.sincomam.org.br\/index.php\/wp-json\/wp\/v2\/tags?post=47878"}],"curies":[{"name":"wp","href":"https:\/\/api.w.org\/{rel}","templated":true}]}}