{"id":47872,"date":"2023-10-11T10:14:10","date_gmt":"2023-10-11T13:14:10","guid":{"rendered":"http:\/\/www.sincomam.org.br\/?p=47872"},"modified":"2023-10-11T10:14:10","modified_gmt":"2023-10-11T13:14:10","slug":"ilha-do-governador-sedia-regata-historica-que-une-civis-e-militares","status":"publish","type":"post","link":"https:\/\/www.sincomam.org.br\/index.php\/ilha-do-governador-sedia-regata-historica-que-une-civis-e-militares\/","title":{"rendered":"Ilha do Governador Sedia Regata Hist\u00f3rica que Une Civis e Militares"},"content":{"rendered":"<p>A enseada do Saco do Pinh\u00e3o, um local de \u00e1guas serenas e ideais para competi\u00e7\u00f5es n\u00e1uticas, foi palco de um evento esportivo marcante. Localizada no\u00a0Centro de Instru\u00e7\u00e3o Almirante Sylvio de Camargo (CIASC), na Ilha do Governador, no Rio de Janeiro, a regi\u00e3o sediou sua primeira\u00a0Regata a Remo\u00a0no \u00faltimo s\u00e1bado (7). Este evento, que faz parte do Circuito Poder Mar\u00edtimo, contou com a presen\u00e7a de equipes esportivas de v\u00e1rias Organiza\u00e7\u00f5es Militares (OM) da Marinha do Brasil (MB).<\/p>\n<p><strong>O Circuito Poder Mar\u00edtimo: Mais que uma Competi\u00e7\u00e3o<\/strong><\/p>\n<p>Desde 2001, o Circuito Poder Mar\u00edtimo tem sido uma iniciativa que vai al\u00e9m da simples competi\u00e7\u00e3o. Ele busca\u00a0estimular a pr\u00e1tica esportiva conjunta\u00a0entre as OM, fortalecendo o esp\u00edrito de corpo e a camaradagem entre os militares. Al\u00e9m disso, o circuito tem o objetivo de aproximar a sociedade da mentalidade mar\u00edtima, promovendo o esporte n\u00e1utico e fortalecendo os la\u00e7os entre civis e militares.<\/p>\n<p>Durante a regata, os militares da Esquadra se destacaram, conquistando o primeiro lugar na categoria geral. J\u00e1 na categoria remo de combate, a vit\u00f3ria ficou com a equipe anfitri\u00e3 do CIASC. O evento tamb\u00e9m abriu espa\u00e7o para os jovens do\u00a0Programa For\u00e7as no Esporte (PROFESP), mostrando a import\u00e2ncia da integra\u00e7\u00e3o entre as novas gera\u00e7\u00f5es e o esporte.<\/p>\n<p>O Comandante do CIASC, Contra-Almirante (Fuzileiro Naval) Paulo Roberto Saraiva, expressou sua satisfa\u00e7\u00e3o com o evento. Ele destacou que a regata n\u00e3o s\u00f3 fortaleceu as tradi\u00e7\u00f5es navais entre os jovens Marinheiros e Fuzileiros, mas tamb\u00e9m promoveu a mentalidade mar\u00edtima na sociedade. O evento, que atraiu cerca de mil pessoas, contou com diversas atra\u00e7\u00f5es, como aulas de ritmos, espa\u00e7os de divers\u00e3o para crian\u00e7as e apresenta\u00e7\u00f5es musicais, tornando-se um dia memor\u00e1vel para todos os presentes.<\/p>\n<p><strong>Um Evento que Vai Al\u00e9m do Esporte<\/strong><\/p>\n<p>Mais do que uma simples competi\u00e7\u00e3o, a 1\u00aa Regata a Remo do CIASC representou a uni\u00e3o entre a Marinha e a comunidade carioca. Atrav\u00e9s do esporte, foi poss\u00edvel fortalecer la\u00e7os, promover a cultura mar\u00edtima e proporcionar um dia de lazer e entretenimento para todos. Com a presen\u00e7a de atra\u00e7\u00f5es variadas, desde m\u00fasica at\u00e9 exposi\u00e7\u00f5es, o evento mostrou que a integra\u00e7\u00e3o entre civis e militares \u00e9 fundamental para construir uma sociedade mais unida e consciente de suas tradi\u00e7\u00f5es e valores.<\/p>\n<div class=\"td-g-rec td-g-rec-id-content_bottom tdi_4 td_block_template_11\">Fonte: Defesa em Foco<\/div>\n","protected":false},"excerpt":{"rendered":"<p>A enseada do Saco do Pinh\u00e3o, um local de \u00e1guas serenas e ideais para competi\u00e7\u00f5es n\u00e1uticas, foi palco de um evento esportivo marcante. Localizada no\u00a0Centro&#8230;<\/p>\n","protected":false},"author":1527,"featured_media":47873,"comment_status":"closed","ping_status":"closed","sticky":false,"template":"","format":"standard","meta":{"footnotes":""},"categories":[6],"tags":[],"class_list":["post-47872","post","type-post","status-publish","format-standard","has-post-thumbnail","hentry","category-noticias"],"_links":{"self":[{"href":"https:\/\/www.sincomam.org.br\/index.php\/wp-json\/wp\/v2\/posts\/47872","targetHints":{"allow":["GET"]}}],"collection":[{"href":"https:\/\/www.sincomam.org.br\/index.php\/wp-json\/wp\/v2\/posts"}],"about":[{"href":"https:\/\/www.sincomam.org.br\/index.php\/wp-json\/wp\/v2\/types\/post"}],"author":[{"embeddable":true,"href":"https:\/\/www.sincomam.org.br\/index.php\/wp-json\/wp\/v2\/users\/1527"}],"replies":[{"embeddable":true,"href":"https:\/\/www.sincomam.org.br\/index.php\/wp-json\/wp\/v2\/comments?post=47872"}],"version-history":[{"count":1,"href":"https:\/\/www.sincomam.org.br\/index.php\/wp-json\/wp\/v2\/posts\/47872\/revisions"}],"predecessor-version":[{"id":47874,"href":"https:\/\/www.sincomam.org.br\/index.php\/wp-json\/wp\/v2\/posts\/47872\/revisions\/47874"}],"wp:featuredmedia":[{"embeddable":true,"href":"https:\/\/www.sincomam.org.br\/index.php\/wp-json\/wp\/v2\/media\/47873"}],"wp:attachment":[{"href":"https:\/\/www.sincomam.org.br\/index.php\/wp-json\/wp\/v2\/media?parent=47872"}],"wp:term":[{"taxonomy":"category","embeddable":true,"href":"https:\/\/www.sincomam.org.br\/index.php\/wp-json\/wp\/v2\/categories?post=47872"},{"taxonomy":"post_tag","embeddable":true,"href":"https:\/\/www.sincomam.org.br\/index.php\/wp-json\/wp\/v2\/tags?post=47872"}],"curies":[{"name":"wp","href":"https:\/\/api.w.org\/{rel}","templated":true}]}}