{"id":4787,"date":"2014-04-09T08:10:18","date_gmt":"2014-04-09T11:10:18","guid":{"rendered":"http:\/\/www.sincomam.org.br\/?p=4787"},"modified":"2014-04-08T17:30:52","modified_gmt":"2014-04-08T20:30:52","slug":"capitania-dos-portos-abre-inquerito-para-apurar-condicoes-de-balsa-no-sul","status":"publish","type":"post","link":"https:\/\/www.sincomam.org.br\/index.php\/capitania-dos-portos-abre-inquerito-para-apurar-condicoes-de-balsa-no-sul\/","title":{"rendered":"Capitania dos Portos abre inqu\u00e9rito para apurar condi\u00e7\u00f5es de balsa no Sul"},"content":{"rendered":"<p><b><i>Peritos v\u00e3o analisar condi\u00e7\u00f5es t\u00e9cnicas; prazo para conclus\u00e3o \u00e9 90 dias<\/i><\/b><\/p>\n<p>A Capitania dos Portos abriu um inqu\u00e9rito nesta segunda-feira (7\/4) para apurar as condi\u00e7\u00f5es de uma balsa em Laguna, no Sul de Santa Catarina. O caso foi denunciado por uma estudante, que fez um v\u00eddeo que mostra \u00e1gua entrando na embarca\u00e7\u00e3o, conforme mostrou a reportagem do RBS Not\u00edcias (veja v\u00eddeo ao lado).<\/p>\n<p>A jovem \u00e9 de Laguna e fazia parte de um grupo que se dirigia ao Farol de Santa Marta. As imagens foram feitas no fim de semana, durante a travessia do Canal da Barra, e mostram a \u00e1gua invadindo a embarca\u00e7\u00e3o.<\/p>\n<p>Dois peritos da Capitania dos Portos iniciaram as an\u00e1lises nesta segunda-feira (7), verificando os dados t\u00e9cnicos da embarca\u00e7\u00e3o, como a capacidade de carga. O prazo para conclus\u00e3o do inqu\u00e9rito \u00e9 de 90 dias e, depois de finalizado, ser\u00e1 encaminhado ao Tribunal Mar\u00edtimo, no Rio de Janeiro.<\/p>\n<p>Fonte: G1 \u2013 Santa Catarina<\/p>\n","protected":false},"excerpt":{"rendered":"<p>Peritos v\u00e3o analisar condi\u00e7\u00f5es t\u00e9cnicas; prazo para conclus\u00e3o \u00e9 90 dias A Capitania dos Portos abriu um inqu\u00e9rito nesta segunda-feira (7\/4) para apurar as condi\u00e7\u00f5es&#8230;<\/p>\n","protected":false},"author":1182,"featured_media":0,"comment_status":"closed","ping_status":"closed","sticky":false,"template":"","format":"standard","meta":{"footnotes":""},"categories":[6],"tags":[913,311,650,292,273],"class_list":["post-4787","post","type-post","status-publish","format-standard","hentry","category-noticias","tag-balsa","tag-capitania-dos-portos","tag-inquerito","tag-santa-catarina","tag-vistoria"],"_links":{"self":[{"href":"https:\/\/www.sincomam.org.br\/index.php\/wp-json\/wp\/v2\/posts\/4787","targetHints":{"allow":["GET"]}}],"collection":[{"href":"https:\/\/www.sincomam.org.br\/index.php\/wp-json\/wp\/v2\/posts"}],"about":[{"href":"https:\/\/www.sincomam.org.br\/index.php\/wp-json\/wp\/v2\/types\/post"}],"author":[{"embeddable":true,"href":"https:\/\/www.sincomam.org.br\/index.php\/wp-json\/wp\/v2\/users\/1182"}],"replies":[{"embeddable":true,"href":"https:\/\/www.sincomam.org.br\/index.php\/wp-json\/wp\/v2\/comments?post=4787"}],"version-history":[{"count":1,"href":"https:\/\/www.sincomam.org.br\/index.php\/wp-json\/wp\/v2\/posts\/4787\/revisions"}],"predecessor-version":[{"id":4788,"href":"https:\/\/www.sincomam.org.br\/index.php\/wp-json\/wp\/v2\/posts\/4787\/revisions\/4788"}],"wp:attachment":[{"href":"https:\/\/www.sincomam.org.br\/index.php\/wp-json\/wp\/v2\/media?parent=4787"}],"wp:term":[{"taxonomy":"category","embeddable":true,"href":"https:\/\/www.sincomam.org.br\/index.php\/wp-json\/wp\/v2\/categories?post=4787"},{"taxonomy":"post_tag","embeddable":true,"href":"https:\/\/www.sincomam.org.br\/index.php\/wp-json\/wp\/v2\/tags?post=4787"}],"curies":[{"name":"wp","href":"https:\/\/api.w.org\/{rel}","templated":true}]}}