{"id":47860,"date":"2023-10-10T09:06:12","date_gmt":"2023-10-10T12:06:12","guid":{"rendered":"http:\/\/www.sincomam.org.br\/?p=47860"},"modified":"2023-10-10T09:06:12","modified_gmt":"2023-10-10T12:06:12","slug":"governo-pretende-retirar-900-brasileiros-de-israel-ate-sabado","status":"publish","type":"post","link":"https:\/\/www.sincomam.org.br\/index.php\/governo-pretende-retirar-900-brasileiros-de-israel-ate-sabado\/","title":{"rendered":"Governo pretende retirar 900 brasileiros de Israel at\u00e9 s\u00e1bado"},"content":{"rendered":"<p>O governo brasileiro estima retirar 900 brasileiros de ter\u00e7a-feira (10) at\u00e9 s\u00e1bado (14) que est\u00e3o em Israel e na Palestina, informou\u00a0o comandante da Aeron\u00e1utica, Marcelo Damasceno.<img decoding=\"async\" src=\"https:\/\/agenciabrasil.ebc.com.br\/ebc.png?id=1559923&amp;o=node\" \/><img decoding=\"async\" src=\"https:\/\/agenciabrasil.ebc.com.br\/ebc.gif?id=1559923&amp;o=node\" \/><\/p>\n<p>\u201cEstamos coordenando as listas com o Minist\u00e9rio das Rela\u00e7\u00f5es Exteriores\u201d, disse o comandante em entrevista nesta segunda-feira (9).<\/p>\n<p>De acordo com o Itamaraty, a prioridade \u00e9 a repatria\u00e7\u00e3o de quem mora no Brasil ou n\u00e3o tem passagem a\u00e9rea de volta. At\u00e9 o momento, 1,7 mil brasileiros manifestaram interesse em retornar ao Brasil, em raz\u00e3o do conflito entre Israel e o grupo Hamas\u00a0iniciado no fim de semana. A maioria \u00e9 de turista que est\u00e1 em Israel. Tr\u00eas brasileiros continuam desaparecidos.<\/p>\n<p>&#8220;Face \u00e0 incerteza quanto ao momento em que poder\u00e3o ocorrer os voos de repatria\u00e7\u00e3o, o Minist\u00e9rio das Rela\u00e7\u00f5es Exteriores reitera recomenda\u00e7\u00e3o de que todos os nacionais que possuam passagens a\u00e9reas, ou que tenham condi\u00e7\u00f5es de adquiri-las, embarquem em voos comerciais do aeroporto Ben-Gurion, que continua a operar&#8221;, diz nota divulgada pelo Minist\u00e9rio das Rela\u00e7\u00f5es Exteriores.<\/p>\n<p>Foram reservadas seis aeronaves para a retirada dos brasileiros. O\u00a0segundo avi\u00e3o da For\u00e7a A\u00e9rea Brasileira (FAB)\u00a0deixou a Base A\u00e9rea de Bras\u00edlia nesta segunda-feira. O KC-30 decolou \u00e0s 16h20 rumo \u00e0 cidade de Roma, na It\u00e1lia. De l\u00e1, ele seguir\u00e1 para Tel Aviv, em Israel.<img decoding=\"async\" src=\"file:\/\/\/C:\/Users\/CAROLI~1.PIM\/AppData\/Local\/Temp\/msohtmlclip1\/01\/clip_image001.png\" width=\"1\" height=\"1\" \/><img decoding=\"async\" src=\"file:\/\/\/C:\/Users\/CAROLI~1.PIM\/AppData\/Local\/Temp\/msohtmlclip1\/01\/clip_image001.png\" width=\"1\" height=\"1\" \/><\/p>\n<p>O primeiro, um Airbus A330-200 convertido em um KC-30 com capacidade para 230 passageiros,\u00a0saiu do Brasil na tarde do domingo (8)\u00a0e j\u00e1 est\u00e1 na capital italiana, devendo decolar em dire\u00e7\u00e3o a Tel Aviv at\u00e9 esta ter\u00e7a-feira (10).<\/p>\n<h2>Faixa de Gaza<\/h2>\n<p>Em rela\u00e7\u00e3o aos brasileiros que est\u00e3o na Faixa de Gaza, regi\u00e3o mais afetada pelo conflito, o governo prepara um plano de evacua\u00e7\u00e3o, coordenado pela Embaixada do Brasil no Cairo (Egito).<\/p>\n<p>\u201cO Escrit\u00f3rio de Representa\u00e7\u00e3o em Ramala segue em contato com os brasileiros na Faixa de Gaza e, tendo em conta a deteriora\u00e7\u00e3o das condi\u00e7\u00f5es securit\u00e1rias na \u00e1rea, est\u00e1 implementando plano de evacua\u00e7\u00e3o desses nacionais da regi\u00e3o, em coordena\u00e7\u00e3o com a Embaixada do Brasil no Cairo\u201d, diz nota do minist\u00e9rio.<\/p>\n<p>O Itamaraty estima que ao menos 30 brasileiros vivem na Faixa de Gaza e outros 60 em Ascal\u00e3o e em localidades na zona de conflito. J\u00e1 em Israel, a embaixada brasileira j\u00e1 tinha reunido, at\u00e9 este domingo, informa\u00e7\u00f5es de cerca de 1 mil brasileiros hospedados em Tel Aviv e em Jerusal\u00e9m\u00a0<strong>interessados em voltar ao Brasil<\/strong>.<\/p>\n<h2>Conflito<\/h2>\n<p>No terceiro dia de conflito, Israel\u00a0convocou 300 mil reservistas, realizou mais de 2 mil bombardeios \u00e0 Faixa de Gaza e imp\u00f4s um bloqueio \u00e0 regi\u00e3o, impedindo a entrada de comida, \u00e1gua e combust\u00edvel, em rea\u00e7\u00e3o aos ataques armados do Hamas, movimento isl\u00e2mico que controla Gaza.\u00a0<img decoding=\"async\" src=\"file:\/\/\/C:\/Users\/CAROLI~1.PIM\/AppData\/Local\/Temp\/msohtmlclip1\/01\/clip_image001.png\" width=\"1\" height=\"1\" border=\"0\" \/><img decoding=\"async\" src=\"file:\/\/\/C:\/Users\/CAROLI~1.PIM\/AppData\/Local\/Temp\/msohtmlclip1\/01\/clip_image001.png\" width=\"1\" height=\"1\" border=\"0\" \/><\/p>\n<p>J\u00e1 o Hamas disse que ir\u00e1 executar ref\u00e9ns israelenses para cada bomba disparada por Israel que atingir civis. Segundo o grupo, s\u00e3o mais de 100 prisioneiros.<\/p>\n<p>Desde s\u00e1bado (7), quando o Hamas iniciou os ataques, foram identificados mais de 1.500 mortos, sendo 900 em Israel e 600 em Gaza. Os feridos somam 5 mil.<\/p>\n<p>Os secret\u00e1rio-geral das Na\u00e7\u00f5es Unidas, Ant\u00f3nio Guterres, pediu ajuda humanit\u00e1ria internacional aos civis palestinos na Faixa de Gaza e o fim dos ataques a Israel e aos territ\u00f3rios palestinos ocupados.<\/p>\n<p>O presidente da Autoridade Nacional Palestina, Mahmoud Abbas, solicitou a interven\u00e7\u00e3o das Na\u00e7\u00f5es Unidas para impedir &#8220;agress\u00e3o israelita em curso\u201d. Segundo ele, \u00e9 preciso prevenir uma situa\u00e7\u00e3o de cat\u00e1strofe humanit\u00e1ria, sobretudo na Faixa de Gaza.<\/p>\n<p>O primeiro-ministro de Israel, Benjamin Netanyahu, prop\u00f4s um governo de uni\u00e3o nacional, com a participa\u00e7\u00e3o de l\u00edderes de oposi\u00e7\u00e3o. Ele destacou que as a\u00e7\u00f5es s\u00e3o apenas o in\u00edcio da retalia\u00e7\u00e3o ao Hamas.<\/p>\n<p>Fonte: informa\u00e7\u00f5es da TV Brasil e da Ag\u00eancia Reuters<\/p>\n","protected":false},"excerpt":{"rendered":"<p>O governo brasileiro estima retirar 900 brasileiros de ter\u00e7a-feira (10) at\u00e9 s\u00e1bado (14) que est\u00e3o em Israel e na Palestina, informou\u00a0o comandante da Aeron\u00e1utica, Marcelo&#8230;<\/p>\n","protected":false},"author":1527,"featured_media":47861,"comment_status":"closed","ping_status":"closed","sticky":false,"template":"","format":"standard","meta":{"footnotes":""},"categories":[6],"tags":[],"class_list":["post-47860","post","type-post","status-publish","format-standard","has-post-thumbnail","hentry","category-noticias"],"_links":{"self":[{"href":"https:\/\/www.sincomam.org.br\/index.php\/wp-json\/wp\/v2\/posts\/47860","targetHints":{"allow":["GET"]}}],"collection":[{"href":"https:\/\/www.sincomam.org.br\/index.php\/wp-json\/wp\/v2\/posts"}],"about":[{"href":"https:\/\/www.sincomam.org.br\/index.php\/wp-json\/wp\/v2\/types\/post"}],"author":[{"embeddable":true,"href":"https:\/\/www.sincomam.org.br\/index.php\/wp-json\/wp\/v2\/users\/1527"}],"replies":[{"embeddable":true,"href":"https:\/\/www.sincomam.org.br\/index.php\/wp-json\/wp\/v2\/comments?post=47860"}],"version-history":[{"count":1,"href":"https:\/\/www.sincomam.org.br\/index.php\/wp-json\/wp\/v2\/posts\/47860\/revisions"}],"predecessor-version":[{"id":47862,"href":"https:\/\/www.sincomam.org.br\/index.php\/wp-json\/wp\/v2\/posts\/47860\/revisions\/47862"}],"wp:featuredmedia":[{"embeddable":true,"href":"https:\/\/www.sincomam.org.br\/index.php\/wp-json\/wp\/v2\/media\/47861"}],"wp:attachment":[{"href":"https:\/\/www.sincomam.org.br\/index.php\/wp-json\/wp\/v2\/media?parent=47860"}],"wp:term":[{"taxonomy":"category","embeddable":true,"href":"https:\/\/www.sincomam.org.br\/index.php\/wp-json\/wp\/v2\/categories?post=47860"},{"taxonomy":"post_tag","embeddable":true,"href":"https:\/\/www.sincomam.org.br\/index.php\/wp-json\/wp\/v2\/tags?post=47860"}],"curies":[{"name":"wp","href":"https:\/\/api.w.org\/{rel}","templated":true}]}}