{"id":47857,"date":"2023-10-10T08:55:59","date_gmt":"2023-10-10T11:55:59","guid":{"rendered":"http:\/\/www.sincomam.org.br\/?p=47857"},"modified":"2023-10-10T08:55:59","modified_gmt":"2023-10-10T11:55:59","slug":"rio-de-janeiro-e-palco-da-maior-regata-da-america-latina","status":"publish","type":"post","link":"https:\/\/www.sincomam.org.br\/index.php\/rio-de-janeiro-e-palco-da-maior-regata-da-america-latina\/","title":{"rendered":"Rio de Janeiro \u00e9 palco da maior regata da Am\u00e9rica Latina"},"content":{"rendered":"<p class=\"rtejustify\">No \u00faltimo domingo (8), as \u00e1guas da Ba\u00eda de Guanabara, no Rio de Janeiro, receberam a 78\u00aa edi\u00e7\u00e3o da Regata Escola Naval (EN). Tradicionalmente realizado no segundo domingo de outubro, Dia do Velejador, o evento n\u00e1utico \u00e9 um dos mais tradicionais do calend\u00e1rio do iatismo nacional, sendo reconhecido como a maior regata da Am\u00e9rica Latina. A Regata foi aberta a todas as classes de veleiros e contou com mais de mil competidores nacionais e estrangeiros.<\/p>\n<p class=\"rtejustify\">Para o Comandante da Escola Naval, Contra-Almirante Adriano Marcelino Batista, a Regata Escola Naval incentiva a pr\u00e1tica do esporte por ser um evento inclusivo e gratuito. \u201cEstamos muito felizes por receber todos os competidores aqui na Escola Naval. Todos s\u00e3o muito bem-vindos. Prezamos pela democratiza\u00e7\u00e3o do evento, por isso \u00e9 um evento totalmente gratuito. Independente do barco que a pessoa possui, ela pode participar dessa celebra\u00e7\u00e3o. A \u00fanica orienta\u00e7\u00e3o \u00e9 que tenha pelo menos tr\u00eas pessoas para velejar, mas, ainda assim, premiamos essas pessoas como forma de incentivo e fomento \u00e0 mentalidade mar\u00edtima\u201d, refor\u00e7ou.<\/p>\n<p class=\"rtejustify\">Na categoria das Marinhas Amigas, a equipe da EN ficou em primeiro lugar, seguida da equipe pertencente \u00e0 Escola de Forma\u00e7\u00e3o de Oficiais da Marinha Mercante (EFOMM), em segundo lugar; a equipe da \u00cdndia, em terceiro; os velejadores da It\u00e1lia, em quarto lugar e os representantes da Espanha, em quinto. O resultado final geral de toda a Regata ser\u00e1 conhecido no dia 20 de outubro, na Escola Naval.<\/p>\n<p class=\"rtejustify\">\u201cEstes eventos t\u00eam significativa import\u00e2ncia no incentivo ao esporte; al\u00e9m de ser uma grande competi\u00e7\u00e3o, este \u00e9 um momento de mostrar \u00e0 sociedade do que se trata o uso do mar e da vela. O Brasil \u00e9 conhecido como o pa\u00eds do futebol, todavia, possui um dos maiores litorais do mundo e a vela \u00e9 o esporte que mais rendeu medalhas de ouro em olimp\u00edadas para o nosso Pa\u00eds. Dessa forma, \u00e9 substancial que a sociedade conhe\u00e7a e participe de eventos relacionados a esse esporte\u201d, destacou o Chefe do Departamento de Forma\u00e7\u00e3o Marinheira da Escola Naval, Capit\u00e3o de Corveta Jos\u00e9 Viana da Silva Neto.<\/p>\n<div class=\"field field-name-body field-type-text-with-summary field-label-hidden\">\n<div class=\"field-items\">\n<div class=\"field-item even\">\n<p class=\"rtejustify\">Al\u00e9m de acompanhar a Regata, o p\u00fablico que compareceu participou, gratuitamente, de exposi\u00e7\u00f5es interativas com embarca\u00e7\u00f5es, aeronaves e carros de combate; apresenta\u00e7\u00e3o de c\u00e3es de guerra da Companhia de Pol\u00edcia do Corpo de Fuzileiros Navais (CFN); e show da Banda Marcial do CFN. Al\u00e9m disso, os visitantes puderam conhecer o\u00a0museu e o planet\u00e1rio da Escola Naval.<\/p>\n<\/div>\n<\/div>\n<\/div>\n<div class=\"field field-name-field-galeria-de-fotos-agencia field-type-image field-label-above\">\n<div class=\"field-label\">Fonte: Ag\u00eancia Marinha de Not\u00edcias<\/div>\n<\/div>\n<p>&nbsp;<\/p>\n","protected":false},"excerpt":{"rendered":"<p>No \u00faltimo domingo (8), as \u00e1guas da Ba\u00eda de Guanabara, no Rio de Janeiro, receberam a 78\u00aa edi\u00e7\u00e3o da Regata Escola Naval (EN). Tradicionalmente realizado&#8230;<\/p>\n","protected":false},"author":1527,"featured_media":47858,"comment_status":"closed","ping_status":"closed","sticky":false,"template":"","format":"standard","meta":{"footnotes":""},"categories":[6],"tags":[],"class_list":["post-47857","post","type-post","status-publish","format-standard","has-post-thumbnail","hentry","category-noticias"],"_links":{"self":[{"href":"https:\/\/www.sincomam.org.br\/index.php\/wp-json\/wp\/v2\/posts\/47857","targetHints":{"allow":["GET"]}}],"collection":[{"href":"https:\/\/www.sincomam.org.br\/index.php\/wp-json\/wp\/v2\/posts"}],"about":[{"href":"https:\/\/www.sincomam.org.br\/index.php\/wp-json\/wp\/v2\/types\/post"}],"author":[{"embeddable":true,"href":"https:\/\/www.sincomam.org.br\/index.php\/wp-json\/wp\/v2\/users\/1527"}],"replies":[{"embeddable":true,"href":"https:\/\/www.sincomam.org.br\/index.php\/wp-json\/wp\/v2\/comments?post=47857"}],"version-history":[{"count":1,"href":"https:\/\/www.sincomam.org.br\/index.php\/wp-json\/wp\/v2\/posts\/47857\/revisions"}],"predecessor-version":[{"id":47859,"href":"https:\/\/www.sincomam.org.br\/index.php\/wp-json\/wp\/v2\/posts\/47857\/revisions\/47859"}],"wp:featuredmedia":[{"embeddable":true,"href":"https:\/\/www.sincomam.org.br\/index.php\/wp-json\/wp\/v2\/media\/47858"}],"wp:attachment":[{"href":"https:\/\/www.sincomam.org.br\/index.php\/wp-json\/wp\/v2\/media?parent=47857"}],"wp:term":[{"taxonomy":"category","embeddable":true,"href":"https:\/\/www.sincomam.org.br\/index.php\/wp-json\/wp\/v2\/categories?post=47857"},{"taxonomy":"post_tag","embeddable":true,"href":"https:\/\/www.sincomam.org.br\/index.php\/wp-json\/wp\/v2\/tags?post=47857"}],"curies":[{"name":"wp","href":"https:\/\/api.w.org\/{rel}","templated":true}]}}