{"id":47851,"date":"2023-10-10T08:45:21","date_gmt":"2023-10-10T11:45:21","guid":{"rendered":"http:\/\/www.sincomam.org.br\/?p=47851"},"modified":"2023-10-10T08:45:21","modified_gmt":"2023-10-10T11:45:21","slug":"porto-do-rio-de-janeiro-recebera-37-navios-em-121-escalas-na-temporada-de-cruzeiros-que-comeca-dia-27","status":"publish","type":"post","link":"https:\/\/www.sincomam.org.br\/index.php\/porto-do-rio-de-janeiro-recebera-37-navios-em-121-escalas-na-temporada-de-cruzeiros-que-comeca-dia-27\/","title":{"rendered":"Porto do Rio de Janeiro receber\u00e1 37 navios em 121 escalas na temporada de cruzeiros que come\u00e7a dia 27"},"content":{"rendered":"<p>A temporada de cruzeiros 2023\/2024 do Porto do Rio de Janeiro est\u00e1 prestes a iniciar em 27 de outubro, com previs\u00e3o de encerramento em 4 de maio de 2024. Nesse per\u00edodo, o porto receber\u00e1 37 navios, incluindo 28 de origem estrangeira e nove nacionais, sendo que quatro deles far\u00e3o sua estreia na cidade. Ao todo, ser\u00e3o 70 escalas nacionais e 51 internacionais durante essa temporada.<\/p>\n<p>A PortosRio tomou medidas para manter as condi\u00e7\u00f5es operacionais necess\u00e1rias para o acesso e as atraca\u00e7\u00f5es dos navios de cruzeiro. A autoridade portu\u00e1ria realizou levantamentos batim\u00e9tricos para verifica\u00e7\u00e3o da profundidade, servi\u00e7os de manuten\u00e7\u00e3o nas defensas e cabe\u00e7os, bem como a manuten\u00e7\u00e3o e a moderniza\u00e7\u00e3o do sistema de sinaliza\u00e7\u00e3o n\u00e1utica, substituindo algumas boias por modelos mais avan\u00e7ados. Todas essas a\u00e7\u00f5es visam melhorar a navegabilidade e a seguran\u00e7a dos navios.<\/p>\n<p>O Pier Mau\u00e1, arrendat\u00e1ria, por sua vez, est\u00e1 aprimorando a estrutura do terminal de cruzeiros, com a instala\u00e7\u00e3o de coberturas em suas \u00e1reas e um sistema de climatiza\u00e7\u00e3o.<\/p>\n<p>A temporada passada (2022\/2023), registrou 410.063 passageiros, 35 navios e 117 escalas. Os cruzeiros tiveram um impacto significativo na economia da cidade e arredores, com um valor estimado de R$ 996,2 milh\u00f5es, al\u00e9m dos empregos gerados.<\/p>\n<p>Fonte: Portos e Navios<\/p>\n","protected":false},"excerpt":{"rendered":"<p>A temporada de cruzeiros 2023\/2024 do Porto do Rio de Janeiro est\u00e1 prestes a iniciar em 27 de outubro, com previs\u00e3o de encerramento em 4&#8230;<\/p>\n","protected":false},"author":1527,"featured_media":47852,"comment_status":"closed","ping_status":"closed","sticky":false,"template":"","format":"standard","meta":{"footnotes":""},"categories":[6],"tags":[],"class_list":["post-47851","post","type-post","status-publish","format-standard","has-post-thumbnail","hentry","category-noticias"],"_links":{"self":[{"href":"https:\/\/www.sincomam.org.br\/index.php\/wp-json\/wp\/v2\/posts\/47851","targetHints":{"allow":["GET"]}}],"collection":[{"href":"https:\/\/www.sincomam.org.br\/index.php\/wp-json\/wp\/v2\/posts"}],"about":[{"href":"https:\/\/www.sincomam.org.br\/index.php\/wp-json\/wp\/v2\/types\/post"}],"author":[{"embeddable":true,"href":"https:\/\/www.sincomam.org.br\/index.php\/wp-json\/wp\/v2\/users\/1527"}],"replies":[{"embeddable":true,"href":"https:\/\/www.sincomam.org.br\/index.php\/wp-json\/wp\/v2\/comments?post=47851"}],"version-history":[{"count":1,"href":"https:\/\/www.sincomam.org.br\/index.php\/wp-json\/wp\/v2\/posts\/47851\/revisions"}],"predecessor-version":[{"id":47853,"href":"https:\/\/www.sincomam.org.br\/index.php\/wp-json\/wp\/v2\/posts\/47851\/revisions\/47853"}],"wp:featuredmedia":[{"embeddable":true,"href":"https:\/\/www.sincomam.org.br\/index.php\/wp-json\/wp\/v2\/media\/47852"}],"wp:attachment":[{"href":"https:\/\/www.sincomam.org.br\/index.php\/wp-json\/wp\/v2\/media?parent=47851"}],"wp:term":[{"taxonomy":"category","embeddable":true,"href":"https:\/\/www.sincomam.org.br\/index.php\/wp-json\/wp\/v2\/categories?post=47851"},{"taxonomy":"post_tag","embeddable":true,"href":"https:\/\/www.sincomam.org.br\/index.php\/wp-json\/wp\/v2\/tags?post=47851"}],"curies":[{"name":"wp","href":"https:\/\/api.w.org\/{rel}","templated":true}]}}