{"id":47839,"date":"2023-10-09T07:00:26","date_gmt":"2023-10-09T10:00:26","guid":{"rendered":"http:\/\/www.sincomam.org.br\/?p=47839"},"modified":"2023-10-07T22:34:40","modified_gmt":"2023-10-08T01:34:40","slug":"quatro-rios-da-bacia-amazonica-chegam-ao-menor-nivel-historico-em-setembro","status":"publish","type":"post","link":"https:\/\/www.sincomam.org.br\/index.php\/quatro-rios-da-bacia-amazonica-chegam-ao-menor-nivel-historico-em-setembro\/","title":{"rendered":"Quatro rios da Bacia Amaz\u00f4nica chegam ao menor n\u00edvel hist\u00f3rico em setembro"},"content":{"rendered":"<div id=\"chunk-c4q9u\">\n<div class=\"mc-column content-text active-extra-styles \" data-block-type=\"unstyled\" data-block-weight=\"49\" data-block-id=\"4\">\n<p class=\" content-text__container \" data-track-category=\"Link no Texto\" data-track-links=\"\">Quatro dos seis principais\u00a0rios da Bacia Amaz\u00f4nica, a maior do mundo, chegaram ao\u00a0n\u00edvel mais baixo\u00a0j\u00e1 registrado no hist\u00f3rico de medi\u00e7\u00f5es para o m\u00eas de setembro, segundo um relat\u00f3rio do Sistema Geol\u00f3gico Brasileiro (SGB) e da Ag\u00eancia Nacional de \u00c1guas (ANA) ao qual o\u00a0g1\u00a0teve acesso.<\/p>\n<\/div>\n<\/div>\n<div class=\"wall protected-content\">\n<div id=\"chunk-bnl81\">\n<div class=\"mc-column content-text active-extra-styles \" data-block-type=\"unstyled\" data-block-weight=\"52\" data-block-id=\"5\">\n<p class=\" content-text__container \" data-track-category=\"Link no Texto\" data-track-links=\"\">A estiagem recorde atinge os rios\u00a0Amazonas,\u00a0Negro,\u00a0Branco\u00a0e\u00a0Purus, que s\u00e3o essenciais para a vida na regi\u00e3o: al\u00e9m de leitos da biodiversidade, s\u00e3o hidrovias, fonte de \u00e1gua e de energia. E as perspectivas s\u00e3o desoladoras: especialistas apontam que os rios\u00a0podem levar at\u00e9 quatro anos para voltarem a n\u00edveis normais.<\/p>\n<\/div>\n<\/div>\n<div id=\"chunk-obc1\">\n<div class=\"content-ads content-ads--reveal\" data-block-type=\"ads\" data-block-id=\"6\">\n<div id=\"banner_materia2\" class=\"tag-manager-publicidade-container mc-has-reveal mc-has-ad-lazyload tag-manager-publicidade-banner_materia2 tag-manager-publicidade-container--carregado tag-manager-publicidade-container--visivel\" data-id=\"banner_materia2\" data-google-query-id=\"COGM9N-m5YEDFWyflQIdrzwNRw\">\n<div id=\"chunk-90pe3\">\n<div class=\"mc-column content-text active-extra-styles \" data-block-type=\"unstyled\" data-block-weight=\"39\" data-block-id=\"7\">\n<p class=\" content-text__container \" data-track-category=\"Link no Texto\" data-track-links=\"\">O relat\u00f3rio do SGB e da ANA mostra o cen\u00e1rio mais recente dos seis principais rios da bacia, que s\u00e3o, al\u00e9m dos quatro citados acima, o\u00a0Madeira\u00a0e\u00a0Solim\u00f5es. A bacia como um todo tem mais de mil rios.<\/p>\n<\/div>\n<\/div>\n<div id=\"chunk-5j9rb\">\n<div class=\"mc-column content-text active-extra-styles \" data-block-type=\"unstyled\" data-block-weight=\"62\" data-block-id=\"8\">\n<p class=\" content-text__container \" data-track-category=\"Link no Texto\" data-track-links=\"\"> Nos gr\u00e1ficos abaixo, os dados mostram as varia\u00e7\u00f5es dentro dos anos hidrol\u00f3gicos (o comportamento do rio em 12 meses) com informa\u00e7\u00f5es de toda s\u00e9rie hist\u00f3rica para cada rio. O recorde anual \u00e9 batido no dia em que a medi\u00e7\u00e3o demonstra o menor n\u00edvel j\u00e1 registrado.\u00a0Observando o m\u00eas de setembro, esse foi o pior da s\u00e9rie hist\u00f3rica nos quatro rios.<\/p>\n<\/div>\n<\/div>\n<\/div>\n<\/div>\n<\/div>\n<\/div>\n<div id=\"chunk-7gc5u\">\n<div class=\"mc-column content-text active-extra-styles\" data-block-type=\"raw\" data-block-weight=\"6\" data-block-id=\"11\">\n<div class=\"content-intertitle\">\n<h2><strong>Veja os recordes em cada rio:<\/strong><\/h2>\n<\/div>\n<\/div>\n<\/div>\n<div id=\"chunk-fmv2m\">\n<div class=\"mc-column content-text active-extra-styles\" data-block-type=\"raw\" data-block-weight=\"215\" data-block-id=\"12\">\n<ul class=\"content-unordered-list\">\n<li><strong>RIO NEGRO:\u00a0<\/strong>no rio que serve o porto de Manaus e escoa a produ\u00e7\u00e3o da zona franca, a seca \u00e1 e maior dos \u00faltimos 120 anos no m\u00eas de setembro. A medi\u00e7\u00e3o no rio come\u00e7ou em 1902. A seca no rio fez a capital do Amazonas\u00a0decretar situa\u00e7\u00e3o de emerg\u00eancia.<\/li>\n<li><strong>RIO BRANCO:\u00a0<\/strong>o rio fica entre Roraima e o Amazonas, mas \u00e9 o principal recurso h\u00eddrico do estado de Roraima, sendo o \u00fanico fornecedor de \u00e1gua do estado. Nesta temporada de seca, ele registrou o menor n\u00edvel de \u00e1gua desde 1967.<\/li>\n<li><strong>RIO PURUS:\u00a0<\/strong>o percurso do rio passa por dezenas de munic\u00edpios entre Acre e Amazonas. Ele concentra uma importante rota de pesca para os estados. Em sua s\u00e9rie hist\u00f3rica, h\u00e1 duas \u00e1reas de medi\u00e7\u00e3o, que mostraram datas diferentes para o recorde hist\u00f3rico. No trecho do Acre, teve o menor n\u00edvel de \u00e1gua desde 1967, quando come\u00e7aram as medi\u00e7\u00f5es. E em Beruri, o menor desde 1982. Foi no local que\u00a0uma vila desabou em evento de terras ca\u00eddas, agravado pela seca.<\/li>\n<li><strong>RIO AMAZONAS:\u00a0<\/strong>as medi\u00e7\u00f5es no rio s\u00e3o divididas em tr\u00eas \u00e1reas e as tr\u00eas bateram o recorde na s\u00e9rie hist\u00f3rica. No trecho de Careiro, \u00e9 o menor n\u00edvel desde 1977. Em Itacoatiara, \u00e9 o menor desde 1998 e, em Parintins, o menor desde 1974.<\/li>\n<\/ul>\n<\/div>\n<\/div>\n<div id=\"chunk-566bj\">\n<div class=\"mc-column content-text active-extra-styles \" data-block-type=\"unstyled\" data-block-weight=\"28\" data-block-id=\"14\">\n<p class=\" content-text__container \" data-track-category=\"Link no Texto\" data-track-links=\"\">Nos outros dois rios inclu\u00eddos no levantamento, Madeira e Solim\u00f5es, os \u00edndices n\u00e3o chegaram ao recorde hist\u00f3rico no per\u00edodo, mas se aproximaram dos piores \u00edndices j\u00e1 registrados.<\/p>\n<\/div>\n<\/div>\n<div id=\"chunk-bbtbv\">\n<div class=\"mc-column content-text active-extra-styles \" data-block-type=\"unstyled\" data-block-weight=\"32\" data-block-id=\"15\">\n<p class=\" content-text__container \" data-track-category=\"Link no Texto\" data-track-links=\"\">Os especialistas alertam que o pior momento de seca nesta temporada ocorre em outubro e com recordes e tend\u00eancias pessimistas para as vaz\u00f5es, \u00e9 poss\u00edvel que se aproximem do recorde hist\u00f3rico anual.<\/p>\n<\/div>\n<\/div>\n<div id=\"chunk-68rho\">\n<div class=\"mc-column content-text active-extra-styles\" data-block-type=\"raw\" data-block-weight=\"5\" data-block-id=\"16\">\n<p class=\"content-text__container\"><strong>Impactos da estiagem pelo pa\u00eds<\/strong><\/p>\n<p> O impacto recente acontece no Norte e no Centro-Oeste, mas gera reflexo em todo o pa\u00eds em v\u00e1rios aspectos. Veja abaixo:<\/p>\n<\/div>\n<\/div>\n<div id=\"chunk-cimt4\">\n<div class=\"mc-column content-text active-extra-styles\" data-block-type=\"raw\" data-block-weight=\"6\" data-block-id=\"18\">\n<ul class=\"content-unordered-list\">\n<li><strong>SECA NOS RIOS GERA EFEITO CASCATA<\/strong><\/li>\n<\/ul>\n<p>Os rios s\u00e3o interligados, ou seja, as \u00e1guas de um rio s\u00e3o distribu\u00eddas em suas ramifica\u00e7\u00f5es. Em uma bacia como a Amaz\u00f4nica, que tem cerca de mil rios, a seca cria um efeito cascata. A previs\u00e3o \u00e9 de que, no m\u00e9dio prazo, isso impacte outros estados.<\/p>\n<\/div>\n<\/div>\n<div id=\"chunk-1ad6d\">\n<div class=\"mc-column content-text active-extra-styles\" data-block-type=\"raw\" data-block-weight=\"4\" data-block-id=\"20\">\n<ul class=\"content-unordered-list\">\n<li><strong>SISTEMA DE ENERGIA INTERLIGADO<\/strong><\/li>\n<\/ul>\n<p>No Brasil, o sistema de energia n\u00e3o \u00e9 independente. As usinas s\u00e3o conectadas e servem ao sistema que abastece o pa\u00eds como um todo. Com a estiagem, usinas no Norte est\u00e3o sendo impactadas e isso pode ocasionar o desabastecimento n\u00e3o s\u00f3 da regi\u00e3o, mas de parte do sistema nacional.<\/p>\n<\/div>\n<\/div>\n<div id=\"chunk-5976r\">\n<div class=\"mc-column content-text active-extra-styles \" data-block-type=\"unstyled\" data-block-weight=\"37\" data-block-id=\"22\">\n<p class=\" content-text__container \" data-track-category=\"Link no Texto\" data-track-links=\"\">A usina hidrel\u00e9trica de Santo Ant\u00f4nio, abastecida pelo Rio Madeira, e que teve a\u00a0opera\u00e7\u00e3o completamente paralisada nesta semana \u00e9 a maior do pa\u00eds e serve a regi\u00e3o Sudeste. Essas pausas acabam por &#8220;sobrecarregar&#8221; o sistema.<\/p>\n<\/div>\n<\/div>\n<div id=\"chunk-2l93\">\n<div class=\"content-ads content-ads--reveal\" data-block-type=\"ads\" data-block-id=\"23\">\n<div id=\"banner_materia__9725ec9d-c5fa-499a-a643-28f5ea95310f\" class=\"tag-manager-publicidade-container mc-has-reveal mc-has-ad-lazyload tag-manager-publicidade-banner_materia__9725ec9d-c5fa-499a-a643-28f5ea95310f tag-manager-publicidade-container--carregado tag-manager-publicidade-container--visivel\" data-id=\"banner_materia__9725ec9d-c5fa-499a-a643-28f5ea95310f\" data-google-query-id=\"CI6r7Omm5YEDFS9RuAQdMgcPRw\">\n<div id=\"chunk-cnuvr\">\n<div class=\"mc-column content-text active-extra-styles\" data-block-type=\"raw\" data-block-weight=\"1\" data-block-id=\"25\">\n<ul class=\"content-unordered-list\">\n<li><strong>LOG\u00cdSTICA<\/strong><\/li>\n<\/ul>\n<p>A regi\u00e3o Norte \u00e9 um centro agr\u00edcola e abriga a Zona Franca, que fica em Manaus, e que concentra v\u00e1rias das maiores produtoras de eletr\u00f4nicos do pa\u00eds. A principal via de transporte na regi\u00e3o \u00e9 pelas \u00e1guas. No entanto, com a baixa dos rios, a navega\u00e7\u00e3o pode ser complicada e afetar a distribui\u00e7\u00e3o dos produtos.<\/p>\n<\/div>\n<\/div>\n<div id=\"chunk-15ui\">\n<div class=\"mc-column content-text active-extra-styles \" data-block-type=\"unstyled\" data-block-weight=\"42\" data-block-id=\"27\">\n<p class=\" content-text__container \" data-track-category=\"Link no Texto\" data-track-links=\"\">O Rio Negro, por exemplo, \u00e9 onde est\u00e1 o porto que escoa a Zona Franca e\u00a0j\u00e1 est\u00e1 sendo afetado. A situa\u00e7\u00e3o acontece perto de uma das datas de maior demanda por eletr\u00f4nicos no pa\u00eds, a Black Friday, prevista para novembro.<\/p>\n<\/div>\n<\/div>\n<div id=\"chunk-8emj0\">\n<div class=\"mc-column content-text active-extra-styles \" data-block-type=\"unstyled\" data-block-weight=\"31\" data-block-id=\"28\">\n<p class=\" content-text__container \" data-track-category=\"Link no Texto\" data-track-links=\"\">A regi\u00e3o \u00e9 produtora de soja e milho, importantes commodities. Segundo o Minist\u00e9rio da Agricultura, existe uma preocupa\u00e7\u00e3o com o\u00a0escoamento da produ\u00e7\u00e3o no milho com a baixa dos rios.<\/p>\n<div id=\"chunk-3v1q3\">\n<div class=\"mc-column content-text active-extra-styles\" data-block-type=\"raw\" data-block-weight=\"1\" data-block-id=\"30\">\n<ul class=\"content-unordered-list\">\n<li><strong>AGRICULTURA<\/strong><\/li>\n<\/ul>\n<p>A seca tem impactado a planta\u00e7\u00e3o em v\u00e1rios desses estados, especialmente a agricultura familiar. Um levantamento do Centro de Monitoramento de Desastres Naturais (Cemaden) mostrou que agricultores de 79 munic\u00edpios tiveram a produ\u00e7\u00e3o afetada. Isso reduz a oferta de insumos n\u00e3o s\u00f3 na regi\u00e3o, como no pa\u00eds.<\/p>\n<\/div>\n<\/div>\n<div id=\"chunk-1ksmu\">\n<div class=\"mc-column content-text active-extra-styles\" data-block-type=\"raw\" data-block-weight=\"4\" data-block-id=\"32\"><\/div>\n<\/div>\n<div id=\"chunk-3avbo\">\n<div class=\"mc-column content-text active-extra-styles \" data-block-type=\"unstyled\" data-block-weight=\"24\" data-block-id=\"34\">\n<p class=\" content-text__container \" data-track-category=\"Link no Texto\" data-track-links=\"\">\n<\/div>\n<\/div>\n<\/div>\n<\/div>\n<\/div>\n<\/div>\n<\/div>\n<p data-track-category=\"Link no Texto\" data-track-links=\"\">\n<p data-track-category=\"Link no Texto\" data-track-links=\"\">\n","protected":false},"excerpt":{"rendered":"<p>Quatro dos seis principais\u00a0rios da Bacia Amaz\u00f4nica, a maior do mundo, chegaram ao\u00a0n\u00edvel mais baixo\u00a0j\u00e1 registrado no hist\u00f3rico de medi\u00e7\u00f5es para o m\u00eas de setembro,&#8230;<\/p>\n","protected":false},"author":1527,"featured_media":47840,"comment_status":"closed","ping_status":"closed","sticky":false,"template":"","format":"standard","meta":{"footnotes":""},"categories":[6],"tags":[],"class_list":["post-47839","post","type-post","status-publish","format-standard","has-post-thumbnail","hentry","category-noticias"],"_links":{"self":[{"href":"https:\/\/www.sincomam.org.br\/index.php\/wp-json\/wp\/v2\/posts\/47839","targetHints":{"allow":["GET"]}}],"collection":[{"href":"https:\/\/www.sincomam.org.br\/index.php\/wp-json\/wp\/v2\/posts"}],"about":[{"href":"https:\/\/www.sincomam.org.br\/index.php\/wp-json\/wp\/v2\/types\/post"}],"author":[{"embeddable":true,"href":"https:\/\/www.sincomam.org.br\/index.php\/wp-json\/wp\/v2\/users\/1527"}],"replies":[{"embeddable":true,"href":"https:\/\/www.sincomam.org.br\/index.php\/wp-json\/wp\/v2\/comments?post=47839"}],"version-history":[{"count":1,"href":"https:\/\/www.sincomam.org.br\/index.php\/wp-json\/wp\/v2\/posts\/47839\/revisions"}],"predecessor-version":[{"id":47841,"href":"https:\/\/www.sincomam.org.br\/index.php\/wp-json\/wp\/v2\/posts\/47839\/revisions\/47841"}],"wp:featuredmedia":[{"embeddable":true,"href":"https:\/\/www.sincomam.org.br\/index.php\/wp-json\/wp\/v2\/media\/47840"}],"wp:attachment":[{"href":"https:\/\/www.sincomam.org.br\/index.php\/wp-json\/wp\/v2\/media?parent=47839"}],"wp:term":[{"taxonomy":"category","embeddable":true,"href":"https:\/\/www.sincomam.org.br\/index.php\/wp-json\/wp\/v2\/categories?post=47839"},{"taxonomy":"post_tag","embeddable":true,"href":"https:\/\/www.sincomam.org.br\/index.php\/wp-json\/wp\/v2\/tags?post=47839"}],"curies":[{"name":"wp","href":"https:\/\/api.w.org\/{rel}","templated":true}]}}