{"id":47836,"date":"2023-10-09T07:00:55","date_gmt":"2023-10-09T10:00:55","guid":{"rendered":"http:\/\/www.sincomam.org.br\/?p=47836"},"modified":"2023-10-07T22:30:22","modified_gmt":"2023-10-08T01:30:22","slug":"israel-declara-guerra-apos-ataque-do-hamas-conflito-deixa-ao-menos-532-mortos","status":"publish","type":"post","link":"https:\/\/www.sincomam.org.br\/index.php\/israel-declara-guerra-apos-ataque-do-hamas-conflito-deixa-ao-menos-532-mortos\/","title":{"rendered":"Israel declara guerra ap\u00f3s ataque do Hamas; conflito deixa ao menos 532 mortos"},"content":{"rendered":"<div id=\"chunk-6snfe\">\n<div class=\"mc-column content-text active-extra-styles \" data-block-type=\"unstyled\" data-block-weight=\"26\" data-block-id=\"4\">\n<p class=\" content-text__container \" data-track-category=\"Link no Texto\" data-track-links=\"\">O grupo extremista isl\u00e2mico armado Hamas bombardeou\u00a0Israel\u00a0neste s\u00e1bado (7) em um ataque surpresa\u00a0<span class=\"highlight highlighted\">considerado um dos maiores sofridos pelo pa\u00eds nos \u00faltimos anos.<\/span><\/p>\n<\/div>\n<\/div>\n<div class=\"wall protected-content\">\n<div id=\"chunk-afm0n\">\n<div class=\"mc-column content-text active-extra-styles\" data-block-type=\"raw\" data-block-weight=\"6\" data-block-id=\"5\">\n<p>Os ataques aconteceram principalmente na parte sul do pa\u00eds. Milhares de foguetes foram lan\u00e7ados e os militares de Israel afirmaram que \u201cv\u00e1rios terroristas infiltraram-se no territ\u00f3rio israelita a partir da Faixa de Gaza\u201d<em>.<\/em><\/p>\n<\/div>\n<\/div>\n<div id=\"chunk-nkgu\">\n<div class=\"mc-column content-text active-extra-styles \" data-block-type=\"unstyled\" data-block-weight=\"60\" data-block-id=\"7\">\n<p class=\" content-text__container \" data-track-category=\"Link no Texto\" data-track-links=\"\">O grupo Hamas reivindicou o ataque e afirmou se tratar do in\u00edcio de\u00a0uma grande opera\u00e7\u00e3o para a retomada do territ\u00f3rio\u00a0<em>(entenda mais abaixo)<\/em>. Segundo a imprensa internacional, os servi\u00e7os de emerg\u00eancia j\u00e1 confirmaram que\u00a0<span class=\"highlight highlighted\">ao menos\u00a0<\/span><span class=\"highlight highlighted\">532 pessoas morreram, sendo 300 em Israel e 232 na Faixa de Gaza\u00a0<\/span><span class=\"highlight highlighted\">\u2014 essas \u00faltimas tendo sido mortas na retalia\u00e7\u00e3o israelense.<\/span><\/p>\n<div id=\"chunk-doc7\">\n<div class=\"mc-column content-text active-extra-styles \" data-block-type=\"unstyled\" data-block-weight=\"31\" data-block-id=\"9\">\n<p class=\" content-text__container \" data-track-category=\"Link no Texto\" data-track-links=\"\"><span class=\"highlight highlighted\">Outras milhares de pessoas ficaram feridas.\u00a0<\/span>O Minist\u00e9rio de Sa\u00fade de Israel afirmou que pelo menos 1.104 pessoas foram levadas a hospitais para serem atendidas. Dessas, h\u00e1 17 em estado cr\u00edtico.<\/p>\n<\/div>\n<\/div>\n<div id=\"chunk-63lf6\">\n<div class=\"mc-column content-text active-extra-styles \" data-block-type=\"unstyled\" data-block-weight=\"47\" data-block-id=\"10\">\n<p class=\" content-text__container \" data-track-category=\"Link no Texto\" data-track-links=\"\"><span class=\"highlight highlighted\">Em resposta aos ataques, o primeiro-ministro de Israel, Benjamin Netanyahu, disse que seu pa\u00eds est\u00e1 em\u00a0<\/span><span class=\"highlight highlighted\">estado de guerra<\/span><span class=\"highlight highlighted\">.\u00a0<\/span>O premi\u00ea lan\u00e7ou a opera\u00e7\u00e3o &#8220;Espadas de Ferro&#8221; e convocou uma reuni\u00e3o de emerg\u00eancia com autoridades de seguran\u00e7a. O pa\u00eds convocou uma grande quantidade de reservistas.<\/p>\n<div id=\"chunk-1n27u\">\n<div class=\"mc-column content-text active-extra-styles \" data-block-type=\"unstyled\" data-block-weight=\"16\" data-block-id=\"13\">\n<p class=\" content-text__container \" data-track-category=\"Link no Texto\" data-track-links=\"\">O ministro da Defesa do pa\u00eds, Yoav Galant, afirmou que o Hamas cometeu um grande erro.<\/p>\n<\/div>\n<\/div>\n<div id=\"chunk-1vhg8\">\n<div class=\"row medium-uncollapsed content-media content-photo\" data-block-type=\"backstage-photo\" data-block-id=\"14\">\n<div class=\" mc-column  content-media__container\">\n<div class=\"content-media-container glb-skeleton-box\">\n<div id=\"chunk-7abp3\">\n<div class=\"mc-column content-text active-extra-styles \" data-block-type=\"unstyled\" data-block-weight=\"26\" data-block-id=\"16\">\n<p class=\" content-text__container \" data-track-category=\"Link no Texto\" data-track-links=\"\">O primeiro-ministro israelense tamb\u00e9m pediu aos cidad\u00e3os que sigam as instru\u00e7\u00f5es de seguran\u00e7a. A recomenda\u00e7\u00e3o \u00e9 que as pessoas fiquem pr\u00f3ximas a pr\u00e9dios e espa\u00e7os protegidos.<\/p>\n<\/div>\n<\/div>\n<div id=\"chunk-34r3i\">\n<div class=\"mc-column content-text active-extra-styles\" data-block-type=\"raw\" data-block-weight=\"29\" data-block-id=\"17\">\n<div id=\"chunk-6nqd6\">\n<div class=\"mc-column content-text active-extra-styles \" data-block-type=\"unstyled\" data-block-weight=\"29\" data-block-id=\"18\">\n<p class=\" content-text__container \" data-track-category=\"Link no Texto\" data-track-links=\"\">Ap\u00f3s conversar com o l\u00edder israelense, o presidente dos Estados Unidos, Joe Biden, afirmou que o pa\u00eds\u00a0est\u00e1 pronto para oferecer &#8220;todos os meios apropriados de apoio&#8221;\u00a0a Israel.<\/p>\n<\/div>\n<\/div>\n<div id=\"chunk-f98du\">\n<div class=\"mc-column content-text active-extra-styles \" data-block-type=\"unstyled\" data-block-weight=\"24\" data-block-id=\"19\">\n<p class=\" content-text__container \" data-track-category=\"Link no Texto\" data-track-links=\"\">\u201cDeixei claro ao primeiro-ministro Netanyahu que estamos prontos para oferecer todos os meios apropriados de apoio ao governo e ao povo de Israel\u201d, disse.<\/p>\n<div id=\"chunk-2ljtb\">\n<div class=\"mc-column content-text active-extra-styles \" data-block-type=\"unstyled\" data-block-weight=\"67\" data-block-id=\"25\">\n<p class=\" content-text__container \" data-track-category=\"Link no Texto\" data-track-links=\"\"><strong>Antes:\u00a0<\/strong>o conflito entre Israel e Palestina se estende h\u00e1 d\u00e9cadas. Em sua forma moderna, remonta a 1947, quando as Na\u00e7\u00f5es Unidas propuseram a cria\u00e7\u00e3o de dois Estados, um judeu e um \u00e1rabe, na Palestina, sob mandato brit\u00e2nico. Israel foi reconhecido como pa\u00eds no ano seguinte. Desde ent\u00e3o, h\u00e1 uma disputa por territ\u00f3rio, e v\u00e1rios acordos j\u00e1\u00a0tentaram estabelecer a paz\u00a0na regi\u00e3o, mas sem sucesso.<\/p>\n<\/div>\n<\/div>\n<div id=\"chunk-cis4g\">\n<div class=\"mc-column content-text active-extra-styles \" data-block-type=\"unstyled\" data-block-weight=\"18\" data-block-id=\"26\">\n<p class=\" content-text__container \" data-track-category=\"Link no Texto\" data-track-links=\"\">Neste s\u00e1bado, um ataque surpresa do movimento isl\u00e2mico armado Hamas em Israel fez o pa\u00eds declarar guerra.<\/p>\n<\/div>\n<\/div>\n<div id=\"chunk-f4bsr\">\n<div class=\"mc-column content-text active-extra-styles \" data-block-type=\"unstyled\" data-block-weight=\"40\" data-block-id=\"27\">\n<p class=\" content-text__container \" data-track-category=\"Link no Texto\" data-track-links=\"\">Segundo um alto comandante militar do Hamas, 5 mil foguetes foram lan\u00e7ados contra Israel. Sirenes de avisos de bombardeios foram acionadas em v\u00e1rias regi\u00f5es de Israel, incluindo Jerusal\u00e9m.\u00a0<span class=\"highlight highlighted\">H\u00e1 registros de edif\u00edcios danificados em Tel Aviv e em outras cidades<\/span>.<\/p>\n<\/div>\n<\/div>\n<div id=\"chunk-fjhla\">\n<div class=\"bs-video-block mc-column  content-media content-video\" data-block-type=\"backstage-video\" data-block-id=\"28\">\n<div class=\"content-media__container\">\n<div class=\"content-video__bigger-player-description-fixer\">\n<article class=\"content-video\">\n<section class=\"content-video__video-container\">\n<div class=\"content-video__video\">\n<div class=\"content-video__placeholder\" data-video-id=\"12008824\" data-video-has-viewport-play=\"True\">\n<div id=\"chunk-1hl7j\">\n<div class=\"mc-column content-text active-extra-styles \" data-block-type=\"unstyled\" data-block-weight=\"31\" data-block-id=\"30\">\n<p class=\" content-text__container \" data-track-category=\"Link no Texto\" data-track-links=\"\">Segundo a imprensa israelense, homens armados atiraram contra pedestres na cidade de Sderot, no sul do pa\u00eds. Imagens que circulam pelas redes sociais indicam haver um confronto nas ruas da regi\u00e3o.<\/p>\n<\/div>\n<\/div>\n<div id=\"chunk-6ncaa\">\n<div class=\"mc-column content-text active-extra-styles \" data-block-type=\"unstyled\" data-block-weight=\"15\" data-block-id=\"31\">\n<p class=\" content-text__container \" data-track-category=\"Link no Texto\" data-track-links=\"\">Al\u00e9m disso, tamb\u00e9m h\u00e1 relatos de militantes palestinos tentando infiltrar o territ\u00f3rio israelense pelo mar.<\/p>\n<div id=\"chunk-b89md\">\n<div class=\"mc-column content-text active-extra-styles \" data-block-type=\"unstyled\" data-block-weight=\"33\" data-block-id=\"33\">\n<p class=\" content-text__container \" data-track-category=\"Link no Texto\" data-track-links=\"\">O governo de Israel afirmou, ainda, que &#8220;soldados foram mortos&#8221; durante os ataques e que\u00a0outros militares do pa\u00eds, al\u00e9m de civis, s\u00e3o feitos ref\u00e9ns\u00a0pelo grupo armado na Faixa de Gaza.<\/p>\n<\/div>\n<\/div>\n<div id=\"chunk-b3hth\">\n<div class=\"mc-column content-text active-extra-styles \" data-block-type=\"unstyled\" data-block-weight=\"13\" data-block-id=\"34\">\n<p class=\" content-text__container \" data-track-category=\"Link no Texto\" data-track-links=\"\">O Hamas ainda divulgou imagens mostrando o que seria um tanque israelense destru\u00eddo.<\/p>\n<\/div>\n<\/div>\n<div id=\"chunk-5hlia\">\n<div class=\"mc-column content-text active-extra-styles \" data-block-type=\"unstyled\" data-block-weight=\"18\" data-block-id=\"35\">\n<p class=\" content-text__container \" data-track-category=\"Link no Texto\" data-track-links=\"\">Em ataque de repres\u00e1lia, os israelenses atacaram Gaza. Eles destru\u00edram um pr\u00e9dio de 11 andares, a Torre Palestina.<\/p>\n<p data-track-category=\"Link no Texto\" data-track-links=\"\">Fonte: G1<\/p>\n<\/div>\n<\/div>\n<\/div>\n<\/div>\n<\/div>\n<\/div>\n<\/section>\n<\/article>\n<\/div>\n<\/div>\n<\/div>\n<\/div>\n<\/div>\n<\/div>\n<\/div>\n<\/div>\n<\/div>\n<\/div>\n<\/div>\n<\/div>\n<p data-track-category=\"Link no Texto\" data-track-links=\"\">\n<\/div>\n<\/div>\n<\/div>\n<\/div>\n<\/div>\n","protected":false},"excerpt":{"rendered":"<p>O grupo extremista isl\u00e2mico armado Hamas bombardeou\u00a0Israel\u00a0neste s\u00e1bado (7) em um ataque surpresa\u00a0considerado um dos maiores sofridos pelo pa\u00eds nos \u00faltimos anos. Os ataques aconteceram&#8230;<\/p>\n","protected":false},"author":1527,"featured_media":47837,"comment_status":"closed","ping_status":"closed","sticky":false,"template":"","format":"standard","meta":{"footnotes":""},"categories":[6],"tags":[],"class_list":["post-47836","post","type-post","status-publish","format-standard","has-post-thumbnail","hentry","category-noticias"],"_links":{"self":[{"href":"https:\/\/www.sincomam.org.br\/index.php\/wp-json\/wp\/v2\/posts\/47836","targetHints":{"allow":["GET"]}}],"collection":[{"href":"https:\/\/www.sincomam.org.br\/index.php\/wp-json\/wp\/v2\/posts"}],"about":[{"href":"https:\/\/www.sincomam.org.br\/index.php\/wp-json\/wp\/v2\/types\/post"}],"author":[{"embeddable":true,"href":"https:\/\/www.sincomam.org.br\/index.php\/wp-json\/wp\/v2\/users\/1527"}],"replies":[{"embeddable":true,"href":"https:\/\/www.sincomam.org.br\/index.php\/wp-json\/wp\/v2\/comments?post=47836"}],"version-history":[{"count":1,"href":"https:\/\/www.sincomam.org.br\/index.php\/wp-json\/wp\/v2\/posts\/47836\/revisions"}],"predecessor-version":[{"id":47838,"href":"https:\/\/www.sincomam.org.br\/index.php\/wp-json\/wp\/v2\/posts\/47836\/revisions\/47838"}],"wp:featuredmedia":[{"embeddable":true,"href":"https:\/\/www.sincomam.org.br\/index.php\/wp-json\/wp\/v2\/media\/47837"}],"wp:attachment":[{"href":"https:\/\/www.sincomam.org.br\/index.php\/wp-json\/wp\/v2\/media?parent=47836"}],"wp:term":[{"taxonomy":"category","embeddable":true,"href":"https:\/\/www.sincomam.org.br\/index.php\/wp-json\/wp\/v2\/categories?post=47836"},{"taxonomy":"post_tag","embeddable":true,"href":"https:\/\/www.sincomam.org.br\/index.php\/wp-json\/wp\/v2\/tags?post=47836"}],"curies":[{"name":"wp","href":"https:\/\/api.w.org\/{rel}","templated":true}]}}