{"id":47826,"date":"2023-10-09T07:00:09","date_gmt":"2023-10-09T10:00:09","guid":{"rendered":"http:\/\/www.sincomam.org.br\/?p=47826"},"modified":"2023-10-07T21:57:57","modified_gmt":"2023-10-08T00:57:57","slug":"herois-dos-mares-marinha-do-brasil-salva-navegador-alemao-em-alto-mar","status":"publish","type":"post","link":"https:\/\/www.sincomam.org.br\/index.php\/herois-dos-mares-marinha-do-brasil-salva-navegador-alemao-em-alto-mar\/","title":{"rendered":"Her\u00f3is dos Mares: Marinha do Brasil Salva Navegador Alem\u00e3o em Alto Mar"},"content":{"rendered":"<p>Na madrugada desta sexta-feira (06), um drama se desenrolava em alto mar.\u00a0Martin Daldrup, um navegador alem\u00e3o, encontrava-se \u00e0 deriva ap\u00f3s um naufr\u00e1gio ocorrido a centenas de quil\u00f4metros da costa brasileira. Mas gra\u00e7as \u00e0 r\u00e1pida a\u00e7\u00e3o da Marinha do Brasil, em parceria com o Navio Mercante ALANIS, Martin foi resgatado em boas condi\u00e7\u00f5es de sa\u00fade, demonstrando a efic\u00e1cia e prontid\u00e3o das nossas for\u00e7as navais.<\/p>\n<p><strong>A\u00e7\u00e3o Coordenada<\/strong><\/p>\n<p>Tudo come\u00e7ou quando o\u00a0Salvamar de Bremen, na Alemanha, detectou um sinal de socorro do veleiro Jambo. Imediatamente, o Servi\u00e7o de Busca e Salvamento Mar\u00edtimo do Brasil foi acionado. \u201cFomos informados sobre um sinal de alerta que indicava um iminente afundamento\u201d, disse o Chefe de Opera\u00e7\u00f5es do Com2\u00baDN, Capit\u00e3o de Fragata Dhartha Dantas. A partir da\u00ed, uma opera\u00e7\u00e3o de resgate foi rapidamente montada, com navios mercantes pr\u00f3ximos sendo contatados para auxiliar no salvamento.<\/p>\n<p><strong>Tecnologia a Servi\u00e7o da Vida<\/strong><\/p>\n<p>Para garantir o sucesso da miss\u00e3o, a Marinha utilizou o\u00a0Sistema de Planejamento de Apoio \u00e0 Decis\u00e3o SAR, uma ferramenta moderna que integra dados metaoceanogr\u00e1ficos e modelos num\u00e9ricos. Essa tecnologia permite otimizar os c\u00e1lculos de busca, tornando a opera\u00e7\u00e3o mais \u00e1gil e eficiente. \u201cA rapidez na resposta a um incidente como este pode representar um final feliz\u201d, ressaltou o Comandante do Centro de Opera\u00e7\u00f5es Mar\u00edtimas, Capit\u00e3o de Mar e Guerra Jo\u00e3o Batista.<\/p>\n<p><strong>Compromisso com a Seguran\u00e7a Mar\u00edtima<\/strong><\/p>\n<p>Al\u00e9m da Marinha, a For\u00e7a A\u00e9rea Brasileira tamb\u00e9m estava pronta para agir, demonstrando a uni\u00e3o e o comprometimento das for\u00e7as armadas brasileiras com a seguran\u00e7a e a vida. O Vice-Almirante Antonio Carlos Cambra, Comandante do 2\u00ba Distrito Naval, refor\u00e7ou a import\u00e2ncia das precau\u00e7\u00f5es que todos os navegantes devem tomar e destacou os servi\u00e7os de busca e salvamento dispon\u00edveis. \u201cEste epis\u00f3dio refor\u00e7a a import\u00e2ncia dos servi\u00e7os de busca e salvamento e os meios de comunica\u00e7\u00e3o para alert\u00e1-los\u201d, concluiu.<\/p>\n<p>Fonte: Defesa em Foco<\/p>\n","protected":false},"excerpt":{"rendered":"<p>Na madrugada desta sexta-feira (06), um drama se desenrolava em alto mar.\u00a0Martin Daldrup, um navegador alem\u00e3o, encontrava-se \u00e0 deriva ap\u00f3s um naufr\u00e1gio ocorrido a centenas&#8230;<\/p>\n","protected":false},"author":1527,"featured_media":47827,"comment_status":"closed","ping_status":"closed","sticky":false,"template":"","format":"standard","meta":{"footnotes":""},"categories":[6],"tags":[],"class_list":["post-47826","post","type-post","status-publish","format-standard","has-post-thumbnail","hentry","category-noticias"],"_links":{"self":[{"href":"https:\/\/www.sincomam.org.br\/index.php\/wp-json\/wp\/v2\/posts\/47826","targetHints":{"allow":["GET"]}}],"collection":[{"href":"https:\/\/www.sincomam.org.br\/index.php\/wp-json\/wp\/v2\/posts"}],"about":[{"href":"https:\/\/www.sincomam.org.br\/index.php\/wp-json\/wp\/v2\/types\/post"}],"author":[{"embeddable":true,"href":"https:\/\/www.sincomam.org.br\/index.php\/wp-json\/wp\/v2\/users\/1527"}],"replies":[{"embeddable":true,"href":"https:\/\/www.sincomam.org.br\/index.php\/wp-json\/wp\/v2\/comments?post=47826"}],"version-history":[{"count":1,"href":"https:\/\/www.sincomam.org.br\/index.php\/wp-json\/wp\/v2\/posts\/47826\/revisions"}],"predecessor-version":[{"id":47828,"href":"https:\/\/www.sincomam.org.br\/index.php\/wp-json\/wp\/v2\/posts\/47826\/revisions\/47828"}],"wp:featuredmedia":[{"embeddable":true,"href":"https:\/\/www.sincomam.org.br\/index.php\/wp-json\/wp\/v2\/media\/47827"}],"wp:attachment":[{"href":"https:\/\/www.sincomam.org.br\/index.php\/wp-json\/wp\/v2\/media?parent=47826"}],"wp:term":[{"taxonomy":"category","embeddable":true,"href":"https:\/\/www.sincomam.org.br\/index.php\/wp-json\/wp\/v2\/categories?post=47826"},{"taxonomy":"post_tag","embeddable":true,"href":"https:\/\/www.sincomam.org.br\/index.php\/wp-json\/wp\/v2\/tags?post=47826"}],"curies":[{"name":"wp","href":"https:\/\/api.w.org\/{rel}","templated":true}]}}