{"id":47823,"date":"2023-10-09T07:00:24","date_gmt":"2023-10-09T10:00:24","guid":{"rendered":"http:\/\/www.sincomam.org.br\/?p=47823"},"modified":"2023-10-07T21:56:00","modified_gmt":"2023-10-08T00:56:00","slug":"desmatamento-na-amazonia-cai-em-setembro-aponta-o-inpe","status":"publish","type":"post","link":"https:\/\/www.sincomam.org.br\/index.php\/desmatamento-na-amazonia-cai-em-setembro-aponta-o-inpe\/","title":{"rendered":"Desmatamento na Amaz\u00f4nia cai em setembro, aponta o Inpe"},"content":{"rendered":"<p>Em um ano, com a virada de governo e a\u00e7\u00f5es articuladas, a \u00e1rea de desmatamento da Amaz\u00f4nia Legal caiu de 1.454,76 quil\u00f4metros quadrados (km\u00b2) para 590,3 km\u00b2, na compara\u00e7\u00e3o de setembro de 2022 para o mesmo m\u00eas deste ano. Os dados s\u00e3o do Instituto Nacional de Pesquisas Espaciais (Inpe), vinculado ao Minist\u00e9rio de Ci\u00eancia, Tecnologia e Inova\u00e7\u00e3o.<img decoding=\"async\" src=\"https:\/\/agenciabrasil.ebc.com.br\/ebc.png?id=1559641&amp;o=node\" \/><img decoding=\"async\" src=\"https:\/\/agenciabrasil.ebc.com.br\/ebc.gif?id=1559641&amp;o=node\" \/><\/p>\n<p>Em agosto, a queda foi ainda mais expressiva. Houve varia\u00e7\u00e3o de 1.661,02 km\u00b2 para 563,09 km\u00b2.<\/p>\n<p>J\u00e1 no Cerrado, bioma que tem sido submetido a interfer\u00eancias profundas, por conta do avan\u00e7o da monocultura da soja, que tamb\u00e9m muda radicalmente a paisagem e afeta a fauna e a flora locais, o per\u00edmetro tomado pelo desmatamento aumentou de 273,41 km\u00b2 para 516,73 km\u00b2, em setembro deste ano, na compara\u00e7\u00e3o com setembro do ano passado. Ao se confrontar os quadros de agosto de ambos os anos, o que se nota \u00e9 que o tamanho da \u00e1rea se manteve praticamente igual, passando de 451,81 km\u00b2 para 463,36 km\u00b2.<\/p>\n<p>Ambientalistas j\u00e1 t\u00eam reiterado pedidos para que as autoridades olhem para o Cerrado com o mesmo cuidado que t\u00eam com a Regi\u00e3o Amaz\u00f4nica. No in\u00edcio deste ano, o bioma, que\u00a0pode ser classificado como uma savana\u00a0e \u00e9 chamado, n\u00e3o \u00e0 toa, de &#8220;ber\u00e7o das \u00e1guas&#8221;, pelas reservas de \u00e1gua que abriga,\u00a0pode perder 33,9% dos fluxos dos rios at\u00e9 2050, caso o ritmo da explora\u00e7\u00e3o agropecu\u00e1ria permane\u00e7a com os n\u00edveis atuais.<\/p>\n<p>Os estados que apresentam situa\u00e7\u00e3o mais cr\u00edtica de desmatamento no Cerrado, s\u00e3o Bahia, Maranh\u00e3o e Tocantins.<\/p>\n<p>Fonte: Ag\u00eancia Brasil<\/p>\n","protected":false},"excerpt":{"rendered":"<p>Em um ano, com a virada de governo e a\u00e7\u00f5es articuladas, a \u00e1rea de desmatamento da Amaz\u00f4nia Legal caiu de 1.454,76 quil\u00f4metros quadrados (km\u00b2) para&#8230;<\/p>\n","protected":false},"author":1527,"featured_media":47824,"comment_status":"closed","ping_status":"closed","sticky":false,"template":"","format":"standard","meta":{"footnotes":""},"categories":[6],"tags":[],"class_list":["post-47823","post","type-post","status-publish","format-standard","has-post-thumbnail","hentry","category-noticias"],"_links":{"self":[{"href":"https:\/\/www.sincomam.org.br\/index.php\/wp-json\/wp\/v2\/posts\/47823","targetHints":{"allow":["GET"]}}],"collection":[{"href":"https:\/\/www.sincomam.org.br\/index.php\/wp-json\/wp\/v2\/posts"}],"about":[{"href":"https:\/\/www.sincomam.org.br\/index.php\/wp-json\/wp\/v2\/types\/post"}],"author":[{"embeddable":true,"href":"https:\/\/www.sincomam.org.br\/index.php\/wp-json\/wp\/v2\/users\/1527"}],"replies":[{"embeddable":true,"href":"https:\/\/www.sincomam.org.br\/index.php\/wp-json\/wp\/v2\/comments?post=47823"}],"version-history":[{"count":1,"href":"https:\/\/www.sincomam.org.br\/index.php\/wp-json\/wp\/v2\/posts\/47823\/revisions"}],"predecessor-version":[{"id":47825,"href":"https:\/\/www.sincomam.org.br\/index.php\/wp-json\/wp\/v2\/posts\/47823\/revisions\/47825"}],"wp:featuredmedia":[{"embeddable":true,"href":"https:\/\/www.sincomam.org.br\/index.php\/wp-json\/wp\/v2\/media\/47824"}],"wp:attachment":[{"href":"https:\/\/www.sincomam.org.br\/index.php\/wp-json\/wp\/v2\/media?parent=47823"}],"wp:term":[{"taxonomy":"category","embeddable":true,"href":"https:\/\/www.sincomam.org.br\/index.php\/wp-json\/wp\/v2\/categories?post=47823"},{"taxonomy":"post_tag","embeddable":true,"href":"https:\/\/www.sincomam.org.br\/index.php\/wp-json\/wp\/v2\/tags?post=47823"}],"curies":[{"name":"wp","href":"https:\/\/api.w.org\/{rel}","templated":true}]}}