{"id":47820,"date":"2023-10-09T07:00:43","date_gmt":"2023-10-09T10:00:43","guid":{"rendered":"http:\/\/www.sincomam.org.br\/?p=47820"},"modified":"2023-10-07T21:54:18","modified_gmt":"2023-10-08T00:54:18","slug":"barroso-se-reune-em-sao-paulo-com-dirigentes-de-centrais-sindicais","status":"publish","type":"post","link":"https:\/\/www.sincomam.org.br\/index.php\/barroso-se-reune-em-sao-paulo-com-dirigentes-de-centrais-sindicais\/","title":{"rendered":"Barroso se re\u00fane em S\u00e3o Paulo com dirigentes de centrais sindicais"},"content":{"rendered":"<p>O presidente do Supremo Tribunal Federal (STF), ministro Lu\u00eds Roberto Barroso, reuniu-se, em S\u00e3o Paulo, com dirigentes das tr\u00eas maiores centrais sindicais do pa\u00eds: Uni\u00e3o Geral dos Trabalhadores (UGT), For\u00e7a Sindical e Central \u00danica dos Trabalhadores (CUT). Entre os assuntos discutidos no encontro, de acordo com o STF, estiveram a contribui\u00e7\u00e3o assistencial e quest\u00f5es relativas ao Fundo de Garantia do Tempo de Servi\u00e7o (FGTS). <img decoding=\"async\" src=\"https:\/\/agenciabrasil.ebc.com.br\/ebc.png?id=1559701&amp;o=node\" \/><img decoding=\"async\" src=\"https:\/\/agenciabrasil.ebc.com.br\/ebc.gif?id=1559701&amp;o=node\" \/><\/p>\n<p>\u201cO encontro estabeleceu um canal de di\u00e1logo com o Poder Judici\u00e1rio a respeito de quest\u00f5es nacionais de interesse dos trabalhadores\u201d, disse o Supremo, em nota. \u201cO encontro faz parte de uma das diretrizes da gest\u00e3o do ministro, que \u00e9 aprimorar o relacionamento com a sociedade\u201d, acrescenta o texto. De acordo com o STF, o encontro havia sido combinado durante a posse de Barroso na presid\u00eancia da Corte, na semana passada.<\/p>\n<p>A reuni\u00e3o aconteceu depois de o Supremo ter marcado para 18 de outubro a retomada do julgamento sobre a corre\u00e7\u00e3o pela infla\u00e7\u00e3o do saldo das contas do FGTS. A an\u00e1lise do tema come\u00e7ou em abril, mas acabou suspensa por um pedido de vista do ministro Nunes Marques.<\/p>\n<p>J\u00e1 a contribui\u00e7\u00e3o assistencial tem sido tema de ru\u00eddos com o Congresso Nacional desde que o Supremo, no m\u00eas passado,\u00a0acolheu um recurso e autorizou a cobran\u00e7a\u00a0de contribui\u00e7\u00e3o assistencial, relacionada ao custeio das a\u00e7\u00f5es do sindicato que resultem em benef\u00edcios \u00e0 categoria, mesmo de trabalhadores n\u00e3o filiados, ainda que resguardado o direito de recusa.<\/p>\n<p>Na pr\u00e1tica, a partir do novo entendimento do Supremo,\u00a0 o trabalhador da categoria representada precisa apresentar negativa caso n\u00e3o queira contribuir com uma assist\u00eancia aprovada em assembleia.<\/p>\n<p>Em 2018, o Supremo declarou a constitucionalidade do fim da contribui\u00e7\u00e3o sindical obrigat\u00f3ria, equivalente a um dia de trabalho por ano e extinta pela reforma trabalhista de 2017. A partir desse entendimento, os trabalhadores que quisessem contribuir passaram a ter que se manifestar voluntariamente.<\/p>\n<p>Em seguida \u00e0 nova decis\u00e3o, o Senado aprovou na Comiss\u00e3o de Assuntos Econ\u00f4micos (CAE) um projeto de lei que prev\u00ea a proibi\u00e7\u00e3o de qualquer cobran\u00e7a sem autoriza\u00e7\u00e3o expressa do trabalhador, seja de contribui\u00e7\u00e3o sindical, assistencial ou de outra natureza.<\/p>\n<p>Em declara\u00e7\u00f5es p\u00fablicas recentes, Barroso tem defendido a contribui\u00e7\u00e3o assistencial, que teria natureza diferente do antigo \u201cimposto sindical\u201d. Em sua vis\u00e3o, trata-se de um direito dos sindicatos, de serem recompensados pelas vantagens que eventualmente obtenham para os trabalhadores.<\/p>\n<p>Fonte: Ag\u00eancia Brasil<\/p>\n","protected":false},"excerpt":{"rendered":"<p>O presidente do Supremo Tribunal Federal (STF), ministro Lu\u00eds Roberto Barroso, reuniu-se, em S\u00e3o Paulo, com dirigentes das tr\u00eas maiores centrais sindicais do pa\u00eds: Uni\u00e3o&#8230;<\/p>\n","protected":false},"author":1527,"featured_media":47821,"comment_status":"closed","ping_status":"closed","sticky":false,"template":"","format":"standard","meta":{"footnotes":""},"categories":[6],"tags":[],"class_list":["post-47820","post","type-post","status-publish","format-standard","has-post-thumbnail","hentry","category-noticias"],"_links":{"self":[{"href":"https:\/\/www.sincomam.org.br\/index.php\/wp-json\/wp\/v2\/posts\/47820","targetHints":{"allow":["GET"]}}],"collection":[{"href":"https:\/\/www.sincomam.org.br\/index.php\/wp-json\/wp\/v2\/posts"}],"about":[{"href":"https:\/\/www.sincomam.org.br\/index.php\/wp-json\/wp\/v2\/types\/post"}],"author":[{"embeddable":true,"href":"https:\/\/www.sincomam.org.br\/index.php\/wp-json\/wp\/v2\/users\/1527"}],"replies":[{"embeddable":true,"href":"https:\/\/www.sincomam.org.br\/index.php\/wp-json\/wp\/v2\/comments?post=47820"}],"version-history":[{"count":1,"href":"https:\/\/www.sincomam.org.br\/index.php\/wp-json\/wp\/v2\/posts\/47820\/revisions"}],"predecessor-version":[{"id":47822,"href":"https:\/\/www.sincomam.org.br\/index.php\/wp-json\/wp\/v2\/posts\/47820\/revisions\/47822"}],"wp:featuredmedia":[{"embeddable":true,"href":"https:\/\/www.sincomam.org.br\/index.php\/wp-json\/wp\/v2\/media\/47821"}],"wp:attachment":[{"href":"https:\/\/www.sincomam.org.br\/index.php\/wp-json\/wp\/v2\/media?parent=47820"}],"wp:term":[{"taxonomy":"category","embeddable":true,"href":"https:\/\/www.sincomam.org.br\/index.php\/wp-json\/wp\/v2\/categories?post=47820"},{"taxonomy":"post_tag","embeddable":true,"href":"https:\/\/www.sincomam.org.br\/index.php\/wp-json\/wp\/v2\/tags?post=47820"}],"curies":[{"name":"wp","href":"https:\/\/api.w.org\/{rel}","templated":true}]}}