{"id":47814,"date":"2023-10-06T10:57:10","date_gmt":"2023-10-06T13:57:10","guid":{"rendered":"http:\/\/www.sincomam.org.br\/?p=47814"},"modified":"2023-10-06T10:57:10","modified_gmt":"2023-10-06T13:57:10","slug":"stf-gestante-com-contrato-temporario-tem-estabilidade-e-licenca","status":"publish","type":"post","link":"https:\/\/www.sincomam.org.br\/index.php\/stf-gestante-com-contrato-temporario-tem-estabilidade-e-licenca\/","title":{"rendered":"STF: gestante com contrato tempor\u00e1rio tem estabilidade e licen\u00e7a"},"content":{"rendered":"<div class=\"post-item-wrap\">\n<p>O plen\u00e1rio do Supremo Tribunal Federal (STF) decidiu nesta quinta-feira (5) &#8211; por unanimidade &#8211; que mulheres gr\u00e1vidas em cargos comissionados ou contratadas temporariamente t\u00eam direito \u00e0 licen\u00e7a maternidade e estabilidade no emprego, da mesma maneira que as trabalhadoras com carteira assinada ou concursadas.\u00a0<img decoding=\"async\" src=\"https:\/\/agenciabrasil.ebc.com.br\/ebc.png?id=1559481&amp;o=node\" \/><img decoding=\"async\" src=\"https:\/\/agenciabrasil.ebc.com.br\/ebc.gif?id=1559481&amp;o=node\" \/><\/p>\n<p>Os ministros julgaram recurso de uma gestante de Santa Catarina, que teve negada a estabilidade no posto de confian\u00e7a que ocupava no governo estadual. Ela agora teve o recurso provido pelo Supremo, que estabeleceu uma tese de julgamento que deve servir de par\u00e2metro para todos os casos similares.<\/p>\n<h2>Prote\u00e7\u00e3o para a gestante<\/h2>\n<p>Ao final, todos os ministros seguiram o voto do relator, Luiz Fux, para quem mais que uma quest\u00e3o trabalhista, o tema trata da prote\u00e7\u00e3o \u00e0 gestante e da prote\u00e7\u00e3o especial \u00e0s crian\u00e7as conferida pela Constitui\u00e7\u00e3o, uma vez que o conv\u00edvio proporcionado pelo direito \u00e0 licen\u00e7a maternidade \u00e9 fundamental para o desenvolvimento de rec\u00e9m-nascidos.<\/p>\n<p>A tese estabelecida diz que a \u201ctrabalhadora gestante tem direito ao gozo da licen\u00e7a maternidade e de estabilidade provis\u00f3ria, independentemente do regime jur\u00eddico aplicado, se contratual ou administrativo, ainda que ocupe cargo em comiss\u00e3o ou seja contratada por tempo determinado\u201d.<\/p>\n<p>Hoje, a legisla\u00e7\u00e3o prev\u00ea licen\u00e7a maternidade de 120 dias, em geral, podendo chegar a 180 dias em alguns casos. J\u00e1 o per\u00edodo de estabilidade, no qual a m\u00e3e n\u00e3o pode ser demitida, dura desde a descoberta da gesta\u00e7\u00e3o at\u00e9 cinco meses ap\u00f3s o parto.<\/p>\n<p>Fonte: Ag\u00eancia Brasil<\/p>\n<\/div>\n","protected":false},"excerpt":{"rendered":"<p>O plen\u00e1rio do Supremo Tribunal Federal (STF) decidiu nesta quinta-feira (5) &#8211; por unanimidade &#8211; que mulheres gr\u00e1vidas em cargos comissionados ou contratadas temporariamente t\u00eam&#8230;<\/p>\n","protected":false},"author":1527,"featured_media":47815,"comment_status":"closed","ping_status":"closed","sticky":false,"template":"","format":"standard","meta":{"footnotes":""},"categories":[6],"tags":[],"class_list":["post-47814","post","type-post","status-publish","format-standard","has-post-thumbnail","hentry","category-noticias"],"_links":{"self":[{"href":"https:\/\/www.sincomam.org.br\/index.php\/wp-json\/wp\/v2\/posts\/47814","targetHints":{"allow":["GET"]}}],"collection":[{"href":"https:\/\/www.sincomam.org.br\/index.php\/wp-json\/wp\/v2\/posts"}],"about":[{"href":"https:\/\/www.sincomam.org.br\/index.php\/wp-json\/wp\/v2\/types\/post"}],"author":[{"embeddable":true,"href":"https:\/\/www.sincomam.org.br\/index.php\/wp-json\/wp\/v2\/users\/1527"}],"replies":[{"embeddable":true,"href":"https:\/\/www.sincomam.org.br\/index.php\/wp-json\/wp\/v2\/comments?post=47814"}],"version-history":[{"count":1,"href":"https:\/\/www.sincomam.org.br\/index.php\/wp-json\/wp\/v2\/posts\/47814\/revisions"}],"predecessor-version":[{"id":47816,"href":"https:\/\/www.sincomam.org.br\/index.php\/wp-json\/wp\/v2\/posts\/47814\/revisions\/47816"}],"wp:featuredmedia":[{"embeddable":true,"href":"https:\/\/www.sincomam.org.br\/index.php\/wp-json\/wp\/v2\/media\/47815"}],"wp:attachment":[{"href":"https:\/\/www.sincomam.org.br\/index.php\/wp-json\/wp\/v2\/media?parent=47814"}],"wp:term":[{"taxonomy":"category","embeddable":true,"href":"https:\/\/www.sincomam.org.br\/index.php\/wp-json\/wp\/v2\/categories?post=47814"},{"taxonomy":"post_tag","embeddable":true,"href":"https:\/\/www.sincomam.org.br\/index.php\/wp-json\/wp\/v2\/tags?post=47814"}],"curies":[{"name":"wp","href":"https:\/\/api.w.org\/{rel}","templated":true}]}}