{"id":47791,"date":"2023-10-05T02:31:53","date_gmt":"2023-10-05T05:31:53","guid":{"rendered":"http:\/\/www.sincomam.org.br\/?p=47791"},"modified":"2023-10-05T02:31:53","modified_gmt":"2023-10-05T05:31:53","slug":"operacao-furnas-ii-marinha-do-brasil-reforca-presenca-estrategica-no-mar-de-minas","status":"publish","type":"post","link":"https:\/\/www.sincomam.org.br\/index.php\/operacao-furnas-ii-marinha-do-brasil-reforca-presenca-estrategica-no-mar-de-minas\/","title":{"rendered":"Opera\u00e7\u00e3o Furnas II: Marinha do Brasil Refor\u00e7a Presen\u00e7a Estrat\u00e9gica no \u2018Mar de Minas\u2019"},"content":{"rendered":"<p>No cora\u00e7\u00e3o de Minas Gerais, o\u00a0Lago de Furnas\u00a0foi palco de uma grandiosa demonstra\u00e7\u00e3o de for\u00e7a e estrat\u00e9gia da Marinha do Brasil. No dia 04 de outubro, mais de 700\u00a0Marinheiros e Fuzileiros Navais\u00a0participaram da Opera\u00e7\u00e3o Furnas II, um exerc\u00edcio que, em sua segunda edi\u00e7\u00e3o neste ano, se consolida como o maior do Sul de Minas Gerais.<\/p>\n<p><strong>Inova\u00e7\u00f5es e Tecnologia em Jogo<\/strong><\/p>\n<p>Um dos pontos altos do treinamento foi o estabelecimento de um\u00a0Centro de Comando e Controle Expedicion\u00e1rio. Equipado com sistemas avan\u00e7ados, como o\u00a0Sistema de Consci\u00eancia Situacional Unificada por Aquisi\u00e7\u00e3o de Informa\u00e7\u00f5es Mar\u00edtimas (SCUA), o centro proporciona uma vis\u00e3o ampla e detalhada da \u00e1rea de opera\u00e7\u00f5es, garantindo decis\u00f5es r\u00e1pidas e eficientes. Al\u00e9m disso, os Marinheiros realizaram atividades pr\u00e1ticas, como treinamentos de\u00a0Desembarque Ribeirinho, voos de drones e opera\u00e7\u00f5es com diversos meios da Marinha, incluindo embarca\u00e7\u00f5es e helic\u00f3pteros.<\/p>\n<p><strong>O \u201cMar de Minas\u201d e sua Import\u00e2ncia Estrat\u00e9gica<\/strong><\/p>\n<p>O Lago de Furnas, carinhosamente apelidado de\u00a0\u201cMar de Minas\u201d, \u00e9 uma regi\u00e3o de suma import\u00e2ncia para o Brasil. Com dimens\u00f5es impressionantes, banhando 34 munic\u00edpios e com volume de \u00e1gua quatro vezes maior que a Ba\u00eda de Guanabara, o lago oferece um ambiente prop\u00edcio para a integra\u00e7\u00e3o de opera\u00e7\u00f5es mar\u00edtimas, a\u00e9reas e terrestres. Recentemente, a Marinha estabeleceu uma\u00a0Base A\u00e9rea Expedicion\u00e1ria (BAE)\u00a0na regi\u00e3o, refor\u00e7ando sua presen\u00e7a e abrindo novas possibilidades de treinamento e opera\u00e7\u00f5es.<\/p>\n<p><strong>Compromisso com a Seguran\u00e7a e o Meio Ambiente<\/strong><\/p>\n<p>A Marinha do Brasil n\u00e3o s\u00f3 demonstra sua capacidade operacional com a Opera\u00e7\u00e3o Furnas II, mas tamb\u00e9m refor\u00e7a seu compromisso com a\u00a0seguran\u00e7a do tr\u00e1fego aquavi\u00e1rio\u00a0e a\u00a0prote\u00e7\u00e3o do meio ambiente. A presen\u00e7a da Marinha na regi\u00e3o, especialmente atrav\u00e9s da Delegacia de Furnas, garante a seguran\u00e7a e a preserva\u00e7\u00e3o desse importante patrim\u00f4nio natural e estrat\u00e9gico do Brasil.<\/p>\n<p>Fonte: Defesa em Foco<\/p>\n","protected":false},"excerpt":{"rendered":"<p>No cora\u00e7\u00e3o de Minas Gerais, o\u00a0Lago de Furnas\u00a0foi palco de uma grandiosa demonstra\u00e7\u00e3o de for\u00e7a e estrat\u00e9gia da Marinha do Brasil. No dia 04 de&#8230;<\/p>\n","protected":false},"author":1527,"featured_media":47792,"comment_status":"closed","ping_status":"closed","sticky":false,"template":"","format":"standard","meta":{"footnotes":""},"categories":[6],"tags":[],"class_list":["post-47791","post","type-post","status-publish","format-standard","has-post-thumbnail","hentry","category-noticias"],"_links":{"self":[{"href":"https:\/\/www.sincomam.org.br\/index.php\/wp-json\/wp\/v2\/posts\/47791","targetHints":{"allow":["GET"]}}],"collection":[{"href":"https:\/\/www.sincomam.org.br\/index.php\/wp-json\/wp\/v2\/posts"}],"about":[{"href":"https:\/\/www.sincomam.org.br\/index.php\/wp-json\/wp\/v2\/types\/post"}],"author":[{"embeddable":true,"href":"https:\/\/www.sincomam.org.br\/index.php\/wp-json\/wp\/v2\/users\/1527"}],"replies":[{"embeddable":true,"href":"https:\/\/www.sincomam.org.br\/index.php\/wp-json\/wp\/v2\/comments?post=47791"}],"version-history":[{"count":1,"href":"https:\/\/www.sincomam.org.br\/index.php\/wp-json\/wp\/v2\/posts\/47791\/revisions"}],"predecessor-version":[{"id":47793,"href":"https:\/\/www.sincomam.org.br\/index.php\/wp-json\/wp\/v2\/posts\/47791\/revisions\/47793"}],"wp:featuredmedia":[{"embeddable":true,"href":"https:\/\/www.sincomam.org.br\/index.php\/wp-json\/wp\/v2\/media\/47792"}],"wp:attachment":[{"href":"https:\/\/www.sincomam.org.br\/index.php\/wp-json\/wp\/v2\/media?parent=47791"}],"wp:term":[{"taxonomy":"category","embeddable":true,"href":"https:\/\/www.sincomam.org.br\/index.php\/wp-json\/wp\/v2\/categories?post=47791"},{"taxonomy":"post_tag","embeddable":true,"href":"https:\/\/www.sincomam.org.br\/index.php\/wp-json\/wp\/v2\/tags?post=47791"}],"curies":[{"name":"wp","href":"https:\/\/api.w.org\/{rel}","templated":true}]}}