{"id":47780,"date":"2023-10-05T02:06:57","date_gmt":"2023-10-05T05:06:57","guid":{"rendered":"http:\/\/www.sincomam.org.br\/?p=47780"},"modified":"2023-10-05T02:06:57","modified_gmt":"2023-10-05T05:06:57","slug":"mobilizado-por-conta-da-estiagem-que-afeta-o-norte-do-pais-governo-inicia-dragagem-no-rio-solimoes","status":"publish","type":"post","link":"https:\/\/www.sincomam.org.br\/index.php\/mobilizado-por-conta-da-estiagem-que-afeta-o-norte-do-pais-governo-inicia-dragagem-no-rio-solimoes\/","title":{"rendered":"MOBILIZADO POR CONTA DA ESTIAGEM QUE AFETA O NORTE DO PA\u00cdS, GOVERNO INICIA DRAGAGEM NO RIO SOLIM\u00d5ES"},"content":{"rendered":"<p dir=\"ltr\">Em raz\u00e3o da estiagem hist\u00f3rica que vem assolando o Norte do pa\u00eds, em especial os estados do Amazonas e Rond\u00f4nia, o Governo Federal decidiu antecipar para esta quarta-feira (4) o in\u00edcio das obras emergenciais de dragagem no canal de navega\u00e7\u00e3o do Rio Solim\u00f5es, entre as cidades de Tabatinga e Benjamin Constant (AM).<\/p>\n<p dir=\"ltr\">A Ordem de Servi\u00e7o para o in\u00edcio imediato dos trabalhos ser\u00e1 assinada amanh\u00e3 pelo ministro de Portos e Aeroportos, Silvio Costa Filho.<\/p>\n<p>A decis\u00e3o foi anunciada pelo vice-presidente da Rep\u00fablica e ministro do Desenvolvimento, Ind\u00fastria, Com\u00e9rcio e Servi\u00e7os, Geraldo Alckmin, durante reuni\u00e3o interministerial realizada na tarde desta ter\u00e7a-feira (3), na qual esteve presente o ministro Costa Filho. Essa foi uma das a\u00e7\u00f5es confirmadas durante o encontro, que teve tamb\u00e9m a confirma\u00e7\u00e3o da visita t\u00e9cnica aos locais mais afetados do Norte.<\/p>\n<p>O servi\u00e7o de dragagem no Rio Solim\u00f5es ser\u00e1 realizado ao longo de oito quil\u00f4metros de extens\u00e3o, pelo Departamento Nacional de Infraestrutura de Transportes (DNIT). A previs\u00e3o \u00e9 que a dragagem, que custar\u00e1 cerca de R$ 38 milh\u00f5es, dure cerca de 30 dias. Nesse per\u00edodo, o DNIT vai monitorar o Rio Solim\u00f5es, para identificar se h\u00e1 necessidade de servi\u00e7os em outros pontos.<\/p>\n<p>\u201cA expectativa, sob orienta\u00e7\u00e3o do presidente Lula, \u00e9 que a gente possa trabalhar de maneira coletiva e integrada, para enfrentarmos os desafios impostos pela seca na regi\u00e3o, com o objetivo de atender a popula\u00e7\u00e3o dos munic\u00edpios mais afetados e, sobretudo, para minimizar os impactos no escoamento da produ\u00e7\u00e3o e no transporte de medicamentos e equipamentos de sa\u00fade\u201d, destacou o ministro Costa Filho.<\/p>\n<p><strong>Mais obras e visita\u00a0<\/strong><\/p>\n<p>Outra a\u00e7\u00e3o a ser adotada pelo Minist\u00e9rio de Portos e Aeroportos (MPOr) \u00e9 a realiza\u00e7\u00e3o da dragagem nas regi\u00f5es do Tabocal e da foz do Rio Madeira. O Governo Federal vai investir R$100 milh\u00f5es na dragagem ao longo de 12 quil\u00f4metros de extens\u00e3o, que dever\u00e1 ter in\u00edcio na segunda quinzena de deste m\u00eas. A estimativa \u00e9 que o contrato para essa obra seja assinado nos pr\u00f3ximos dias.<\/p>\n<p>Liderado pelo vice-presidente Alckmin, o Governo Federal vai visitar a regi\u00e3o assolada pela seca no Norte do pa\u00eds nesta quarta-feira (04). Al\u00e9m do ministro Costa Filho, a comitiva deve contar com os ministros dos Transportes, Minas e Energia, Meio Ambiente, Integra\u00e7\u00e3o e do Desenvolvimento Regional, dos Povos Ind\u00edgenas, entre outras autoridades.<\/p>\n<p>Fonte: Informativo dos Portos<\/p>\n","protected":false},"excerpt":{"rendered":"<p>Em raz\u00e3o da estiagem hist\u00f3rica que vem assolando o Norte do pa\u00eds, em especial os estados do Amazonas e Rond\u00f4nia, o Governo Federal decidiu antecipar&#8230;<\/p>\n","protected":false},"author":1527,"featured_media":47781,"comment_status":"closed","ping_status":"closed","sticky":false,"template":"","format":"standard","meta":{"footnotes":""},"categories":[6],"tags":[],"class_list":["post-47780","post","type-post","status-publish","format-standard","has-post-thumbnail","hentry","category-noticias"],"_links":{"self":[{"href":"https:\/\/www.sincomam.org.br\/index.php\/wp-json\/wp\/v2\/posts\/47780","targetHints":{"allow":["GET"]}}],"collection":[{"href":"https:\/\/www.sincomam.org.br\/index.php\/wp-json\/wp\/v2\/posts"}],"about":[{"href":"https:\/\/www.sincomam.org.br\/index.php\/wp-json\/wp\/v2\/types\/post"}],"author":[{"embeddable":true,"href":"https:\/\/www.sincomam.org.br\/index.php\/wp-json\/wp\/v2\/users\/1527"}],"replies":[{"embeddable":true,"href":"https:\/\/www.sincomam.org.br\/index.php\/wp-json\/wp\/v2\/comments?post=47780"}],"version-history":[{"count":1,"href":"https:\/\/www.sincomam.org.br\/index.php\/wp-json\/wp\/v2\/posts\/47780\/revisions"}],"predecessor-version":[{"id":47782,"href":"https:\/\/www.sincomam.org.br\/index.php\/wp-json\/wp\/v2\/posts\/47780\/revisions\/47782"}],"wp:featuredmedia":[{"embeddable":true,"href":"https:\/\/www.sincomam.org.br\/index.php\/wp-json\/wp\/v2\/media\/47781"}],"wp:attachment":[{"href":"https:\/\/www.sincomam.org.br\/index.php\/wp-json\/wp\/v2\/media?parent=47780"}],"wp:term":[{"taxonomy":"category","embeddable":true,"href":"https:\/\/www.sincomam.org.br\/index.php\/wp-json\/wp\/v2\/categories?post=47780"},{"taxonomy":"post_tag","embeddable":true,"href":"https:\/\/www.sincomam.org.br\/index.php\/wp-json\/wp\/v2\/tags?post=47780"}],"curies":[{"name":"wp","href":"https:\/\/api.w.org\/{rel}","templated":true}]}}