{"id":47760,"date":"2023-10-04T00:34:12","date_gmt":"2023-10-04T03:34:12","guid":{"rendered":"http:\/\/www.sincomam.org.br\/?p=47760"},"modified":"2023-10-04T00:34:12","modified_gmt":"2023-10-04T03:34:12","slug":"stf-retoma-no-dia-18-acao-sobre-correcao-do-fgts","status":"publish","type":"post","link":"https:\/\/www.sincomam.org.br\/index.php\/stf-retoma-no-dia-18-acao-sobre-correcao-do-fgts\/","title":{"rendered":"STF retoma no dia 18 a\u00e7\u00e3o sobre corre\u00e7\u00e3o do FGTS"},"content":{"rendered":"<p>O Supremo Tribunal Federal (STF) divulgou nesta ter\u00e7a-feira (3) a pauta de julgamentos, elaborada pelo presidente da Corte, ministro Lu\u00eds Roberto Barroso, para todo o m\u00eas de outubro. Entre os destaques est\u00e1 a retomada do julgamento que trata da taxa de corre\u00e7\u00e3o monet\u00e1ria do saldo do Fundo de Garanta do Tempo de Servi\u00e7o (FGTS), marcada para 18 de outubro.<img decoding=\"async\" src=\"https:\/\/agenciabrasil.ebc.com.br\/ebc.png?id=1558883&amp;o=node\" \/><img decoding=\"async\" src=\"https:\/\/agenciabrasil.ebc.com.br\/ebc.gif?id=1558883&amp;o=node\" \/><\/p>\n<p>A a\u00e7\u00e3o, que pode resultar em ganhos para centenas de milhares de trabalhadores com carteira assinada, j\u00e1 foi levada cinco vezes ao plen\u00e1rio, a mais recente em abril, quando o\u00a0julgamento foi interrompido por um pedido de vista\u00a0(mais tempo de an\u00e1lise) do ministro Nunes Marques.<\/p>\n<p>O julgamento deve definir qual o \u00edndice deve ser adotado para a corre\u00e7\u00e3o monet\u00e1ria dos saldos do FGTS. Durante mais de duas d\u00e9cadas, as contas foram corrigidas pela Taxa Referencial (TR), definida pelo Banco Central.<\/p>\n<p>O partido Solidariedade, autor da a\u00e7\u00e3o, argumenta que a corre\u00e7\u00e3o pela TR resultou em preju\u00edzo bilion\u00e1rio aos titulares, uma vez que a taxa permaneceu por longos per\u00edodos zerada, n\u00e3o refletindo assim o avan\u00e7o da infla\u00e7\u00e3o e a perda de poder aquisitivo da moeda. A legenda defende a aplica\u00e7\u00e3o de algum \u00edndice inflacion\u00e1rio alternativo.<\/p>\n<p>At\u00e9 o momento, os ministros Lu\u00eds Roberto Barroso e Andr\u00e9 Mendon\u00e7a votaram por derrubar a aplica\u00e7\u00e3o da TR, que seria inconstitucional. Para eles, a remunera\u00e7\u00e3o das contas n\u00e3o pode ser inferior ao rendimento da caderneta de poupan\u00e7a. Os demais ministros ainda n\u00e3o votaram. O julgamento ser\u00e1 retomado com o voto de Nunes Marques.<\/p>\n<p>O FGTS foi criado em 1966 para substituir a garantia de estabilidade no emprego. O fundo funciona como uma poupan\u00e7a compuls\u00f3ria e prote\u00e7\u00e3o financeira contra o desemprego. Todo m\u00eas, os empregadores s\u00e3o obrigados a depositar no fundo o equivalente a 8% do sal\u00e1rio de cada funcion\u00e1rio com carteira assinada.<\/p>\n<p>No caso de dispensa sem justa causa, o empregado recebe o saldo do FGTS, mais multa de 40% sobre o montante acumulado.<\/p>\n<p>Ap\u00f3s a entrada da a\u00e7\u00e3o no STF, come\u00e7aram a vigorar novas regras, que passaram a corrigir as contas do FGTS com juros de 3% ao ano, mais a distribui\u00e7\u00e3o de lucros do fundo, al\u00e9m da corre\u00e7\u00e3o pela TR.<\/p>\n<p>No in\u00edcio do julgamento, a Advocacia-Geral da Uni\u00e3o (AGU) defendeu a extin\u00e7\u00e3o da a\u00e7\u00e3o. No entendimento da AGU, as leis 13.446\/2017 e 13.932\/2019 estabeleceram a distribui\u00e7\u00e3o de lucros para os cotistas. Dessa forma, segundo o \u00f3rg\u00e3o, n\u00e3o \u00e9 mais poss\u00edvel afirmar que o emprego da TR gera remunera\u00e7\u00e3o menor que a infla\u00e7\u00e3o real.<\/p>\n<h2>Outros temas<\/h2>\n<p>Entre outros temas que entraram na pauta de outubro est\u00e1 a obrigatoriedade do regime de separa\u00e7\u00e3o de bens em casamentos com pessoas de 70 anos de idade ou mais. Na sess\u00e3o de 18 de outubro, ainda est\u00e3o previstas as sustenta\u00e7\u00f5es das partes do processo, sendo que a vota\u00e7\u00e3o se dar\u00e1 em outra data, conforme informado pelo Supremo nesta ter\u00e7a-feira.<\/p>\n<p>Ainda em outubro, o Supremo deve se debru\u00e7ar sobre assuntos de fam\u00edlia, como por exemplo, se \u00e9 necess\u00e1rio a exist\u00eancia de separa\u00e7\u00e3o judicial pr\u00e9via para que se possa realizar um div\u00f3rcio. O tema est\u00e1 marcado para 25 de outubro.<\/p>\n<p>A \u00faltima sess\u00e3o do m\u00eas, em 26 de outubro, foi mantida sem pauta pelo presidente do Supremo, de modo a acomodar o julgamento de processos remanescentes.<\/p>\n<p>Fonte: Ag\u00eancia Brasil<\/p>\n","protected":false},"excerpt":{"rendered":"<p>O Supremo Tribunal Federal (STF) divulgou nesta ter\u00e7a-feira (3) a pauta de julgamentos, elaborada pelo presidente da Corte, ministro Lu\u00eds Roberto Barroso, para todo o&#8230;<\/p>\n","protected":false},"author":1527,"featured_media":47761,"comment_status":"closed","ping_status":"closed","sticky":false,"template":"","format":"standard","meta":{"footnotes":""},"categories":[6],"tags":[],"class_list":["post-47760","post","type-post","status-publish","format-standard","has-post-thumbnail","hentry","category-noticias"],"_links":{"self":[{"href":"https:\/\/www.sincomam.org.br\/index.php\/wp-json\/wp\/v2\/posts\/47760","targetHints":{"allow":["GET"]}}],"collection":[{"href":"https:\/\/www.sincomam.org.br\/index.php\/wp-json\/wp\/v2\/posts"}],"about":[{"href":"https:\/\/www.sincomam.org.br\/index.php\/wp-json\/wp\/v2\/types\/post"}],"author":[{"embeddable":true,"href":"https:\/\/www.sincomam.org.br\/index.php\/wp-json\/wp\/v2\/users\/1527"}],"replies":[{"embeddable":true,"href":"https:\/\/www.sincomam.org.br\/index.php\/wp-json\/wp\/v2\/comments?post=47760"}],"version-history":[{"count":1,"href":"https:\/\/www.sincomam.org.br\/index.php\/wp-json\/wp\/v2\/posts\/47760\/revisions"}],"predecessor-version":[{"id":47762,"href":"https:\/\/www.sincomam.org.br\/index.php\/wp-json\/wp\/v2\/posts\/47760\/revisions\/47762"}],"wp:featuredmedia":[{"embeddable":true,"href":"https:\/\/www.sincomam.org.br\/index.php\/wp-json\/wp\/v2\/media\/47761"}],"wp:attachment":[{"href":"https:\/\/www.sincomam.org.br\/index.php\/wp-json\/wp\/v2\/media?parent=47760"}],"wp:term":[{"taxonomy":"category","embeddable":true,"href":"https:\/\/www.sincomam.org.br\/index.php\/wp-json\/wp\/v2\/categories?post=47760"},{"taxonomy":"post_tag","embeddable":true,"href":"https:\/\/www.sincomam.org.br\/index.php\/wp-json\/wp\/v2\/tags?post=47760"}],"curies":[{"name":"wp","href":"https:\/\/api.w.org\/{rel}","templated":true}]}}