{"id":47757,"date":"2023-10-04T00:25:34","date_gmt":"2023-10-04T03:25:34","guid":{"rendered":"http:\/\/www.sincomam.org.br\/?p=47757"},"modified":"2023-10-04T00:25:34","modified_gmt":"2023-10-04T03:25:34","slug":"marinha-atua-no-enfrentamento-a-estiagem-no-amazonas","status":"publish","type":"post","link":"https:\/\/www.sincomam.org.br\/index.php\/marinha-atua-no-enfrentamento-a-estiagem-no-amazonas\/","title":{"rendered":"Marinha atua no enfrentamento \u00e0 estiagem no Amazonas"},"content":{"rendered":"<p>O Governo do Amazonas decretou, na sexta-feira (29), situa\u00e7\u00e3o de emerg\u00eancia e instaurou um comit\u00ea para o gerenciamento da crise em virtude da estiagem severa e das queimadas que atingem o estado. Representantes das For\u00e7as Armadas e do Governo Estadual participaram de reuni\u00e3o em que foram apresentadas as dificuldades encontradas pelos amazonenses, devido ao baixo n\u00edvel dos rios e \u00e0 aus\u00eancia de chuvas. Ao todo, 19 munic\u00edpios j\u00e1 decretaram estado de emerg\u00eancia, 35 est\u00e3o em alerta e cinco encontram-se em estado de aten\u00e7\u00e3o.<\/p>\n<p>O comit\u00ea da crise atuar\u00e1 em tr\u00eas eixos: no humanit\u00e1rio, levando assist\u00eancia \u00e0s popula\u00e7\u00f5es isoladas; no combate \u00e0s queimadas; e na preserva\u00e7\u00e3o da atividade econ\u00f4mica. As For\u00e7as Armadas devem atuar no apoio log\u00edstico. \u201cN\u00e3o h\u00e1 nenhum outro ente da Federa\u00e7\u00e3o com estrutura e capacidade para montar esse apoio log\u00edstico. Precisamos levar \u00e1gua pot\u00e1vel, alimentos e combust\u00edvel \u00e0s popula\u00e7\u00f5es em estado de emerg\u00eancia\u201d, declarou o Governador do Amazonas, Wilson Lima.<\/p>\n<p>Na reuni\u00e3o, o Comandante do 9\u00b0 Distrito Naval, Vice-Almirante Thadeu Marcos Orosco Coelho Lobo, detalhou as a\u00e7\u00f5es que a Marinha do Brasil realiza ao longo do ano para garantir a seguran\u00e7a da navega\u00e7\u00e3o, a salvaguarda da vida humana e a preven\u00e7\u00e3o da polui\u00e7\u00e3o h\u00eddrica nos rios da Amaz\u00f4nia Ocidental. Al\u00e9m disso, o Almirante destacou o trabalho da For\u00e7a Naval nos eixos da crise, com a atualiza\u00e7\u00e3o emergencial da sondagem dos trechos cr\u00edticos do rio Solim\u00f5es e o levantamento hidrogr\u00e1fico anual do rio Madeira, que garantem a navega\u00e7\u00e3o segura e mitigam o aumento no custo dos fretes.<\/p>\n<p>\u201cNesse sentido e com o objetivo de manter a seguran\u00e7a da navega\u00e7\u00e3o, as Capitanias da Amaz\u00f4nia Ocidental e de Porto Velho expediram portarias neste ano, contribuindo para a prote\u00e7\u00e3o contra acidentes de navega\u00e7\u00e3o que possam interromper o fluxo fluvial ou que possam gerar danos ao meio ambiente\u201d, explicou o Comandante do 9\u00b0Distrito Naval.<\/p>\n<p>No combate \u00e0s queimadas, que ocorrem em sua maioria no entorno de Manaus (AM), o 1\u00b0 Esquadr\u00e3o de Helic\u00f3pteros de Emprego Geral do Noroeste iniciou, no mesmo dia, voos com <em>Bambi Bucket<\/em>, para apagar focos de inc\u00eandio em \u00e1reas de dif\u00edcil acesso. O equipamento possibilita o lan\u00e7amento de \u00e1gua sobre os focos, visando \u00e0 total extin\u00e7\u00e3o ou \u00e0 redu\u00e7\u00e3o da sua \u00e1rea, para facilitar o trabalho das equipes de terra.<\/p>\n<p>Fonte: Ag\u00eancia Marinha de Not\u00edcias<\/p>\n","protected":false},"excerpt":{"rendered":"<p>O Governo do Amazonas decretou, na sexta-feira (29), situa\u00e7\u00e3o de emerg\u00eancia e instaurou um comit\u00ea para o gerenciamento da crise em virtude da estiagem severa&#8230;<\/p>\n","protected":false},"author":1527,"featured_media":47758,"comment_status":"closed","ping_status":"closed","sticky":false,"template":"","format":"standard","meta":{"footnotes":""},"categories":[6],"tags":[],"class_list":["post-47757","post","type-post","status-publish","format-standard","has-post-thumbnail","hentry","category-noticias"],"_links":{"self":[{"href":"https:\/\/www.sincomam.org.br\/index.php\/wp-json\/wp\/v2\/posts\/47757","targetHints":{"allow":["GET"]}}],"collection":[{"href":"https:\/\/www.sincomam.org.br\/index.php\/wp-json\/wp\/v2\/posts"}],"about":[{"href":"https:\/\/www.sincomam.org.br\/index.php\/wp-json\/wp\/v2\/types\/post"}],"author":[{"embeddable":true,"href":"https:\/\/www.sincomam.org.br\/index.php\/wp-json\/wp\/v2\/users\/1527"}],"replies":[{"embeddable":true,"href":"https:\/\/www.sincomam.org.br\/index.php\/wp-json\/wp\/v2\/comments?post=47757"}],"version-history":[{"count":1,"href":"https:\/\/www.sincomam.org.br\/index.php\/wp-json\/wp\/v2\/posts\/47757\/revisions"}],"predecessor-version":[{"id":47759,"href":"https:\/\/www.sincomam.org.br\/index.php\/wp-json\/wp\/v2\/posts\/47757\/revisions\/47759"}],"wp:featuredmedia":[{"embeddable":true,"href":"https:\/\/www.sincomam.org.br\/index.php\/wp-json\/wp\/v2\/media\/47758"}],"wp:attachment":[{"href":"https:\/\/www.sincomam.org.br\/index.php\/wp-json\/wp\/v2\/media?parent=47757"}],"wp:term":[{"taxonomy":"category","embeddable":true,"href":"https:\/\/www.sincomam.org.br\/index.php\/wp-json\/wp\/v2\/categories?post=47757"},{"taxonomy":"post_tag","embeddable":true,"href":"https:\/\/www.sincomam.org.br\/index.php\/wp-json\/wp\/v2\/tags?post=47757"}],"curies":[{"name":"wp","href":"https:\/\/api.w.org\/{rel}","templated":true}]}}