{"id":47743,"date":"2023-10-03T00:54:21","date_gmt":"2023-10-03T03:54:21","guid":{"rendered":"http:\/\/www.sincomam.org.br\/?p=47743"},"modified":"2023-10-03T00:54:21","modified_gmt":"2023-10-03T03:54:21","slug":"aos-70-anos-petrobras-mira-transicao-energetica-e-margem-equatorial","status":"publish","type":"post","link":"https:\/\/www.sincomam.org.br\/index.php\/aos-70-anos-petrobras-mira-transicao-energetica-e-margem-equatorial\/","title":{"rendered":"Aos 70 anos, Petrobras mira transi\u00e7\u00e3o energ\u00e9tica e margem equatorial"},"content":{"rendered":"<p>A maior empresa do Brasil completa 70 anos nesta ter\u00e7a-feira (3) buscando ampliar a explora\u00e7\u00e3o de petr\u00f3leo e g\u00e1s na chamada margem equatorial brasileira ao mesmo tempo que pretende liderar a transi\u00e7\u00e3o energ\u00e9tica no pa\u00eds. A Petrobras \u00e9 58\u00aa maior companhia do mundo segundo a revista\u00a0Forbes, liderando a lista das empresas brasileira, a frente do banco Ita\u00fa, da mineradora Vale e do Banco do Brasil.<img decoding=\"async\" src=\"https:\/\/agenciabrasil.ebc.com.br\/ebc.png?id=1558641&amp;o=node\" \/><img decoding=\"async\" src=\"https:\/\/agenciabrasil.ebc.com.br\/ebc.gif?id=1558641&amp;o=node\" \/><\/p>\n<p>Em sess\u00e3o solene em homenagem aos 70 anos da companhia,\u00a0nesta segunda-feira (2), na C\u00e2mara dos Deputados, o diretor-executivo de processos industriais da petroleira, William Fran\u00e7a, defendeu que a transi\u00e7\u00e3o energ\u00e9tica deve estar associada \u00e0\u00a0explora\u00e7\u00e3o de petr\u00f3leo na margem equatorial, faixa do territ\u00f3rio que vai do litoral do Rio Grande do Norte ao do Amap\u00e1.<\/p>\n<p>Para o executivo, \u201co combust\u00edvel f\u00f3ssil \u00e9, e ainda ser\u00e1 por muitos anos, o motor da economia mundial, inclusive no Brasil\u201d. Por isso, Fran\u00e7a argumentou que \u00e9 preciso associar a produ\u00e7\u00e3o de combust\u00edvel f\u00f3ssil \u00e0 transi\u00e7\u00e3o energ\u00e9tica.<\/p>\n<p>\u201cA companhia est\u00e1 investindo forte na descarboniza\u00e7\u00e3o das suas atividades. A Petrobras tem condi\u00e7\u00f5es de liderar a transi\u00e7\u00e3o energ\u00e9tica\u201d, destacou o diretor no Plen\u00e1rio da C\u00e2mara. Fran\u00e7a acrescentou que a empresa \u201cn\u00e3o vai se esquecer que nossa galinha dos ovos de ouro \u00e9 a produ\u00e7\u00e3o de \u00f3leo e g\u00e1s\u201d.<\/p>\n<p>Como exemplo de medida para transi\u00e7\u00e3o energ\u00e9tica, o diretor da petroleira citou projeto que pretende transformar a Refinaria de Petr\u00f3leo Riograndense (RPR) na primeira refinaria totalmente verde no Brasil. \u201cUtilizando somente mat\u00e9ria-prima vegetal e produzindo nafta verde, petroqu\u00edmica verde, diesel verde e biocombust\u00edveis\u201d, destacou.<\/p>\n<p>A explora\u00e7\u00e3o na margem equatorial \u00e9 alvo de cr\u00edticas de ambientalistas contr\u00e1rios a qualquer nova explora\u00e7\u00e3o de petr\u00f3leo. J\u00e1 a Petrobras defende que \u00e9 preciso investir em combust\u00edvel f\u00f3ssil at\u00e9 mesmo para financiar a transi\u00e7\u00e3o energ\u00e9tica.\u00a0\u00a0Na \u00faltima semana, a estatal conseguiu autoriza\u00e7\u00e3o para perfura\u00e7\u00e3o na Bacia Potiguar da\u00a0margem equatorial.<\/p>\n<h2>Lira manda mensagem<\/h2>\n<p>O presidente da C\u00e2mara dos Deputados, Arthur Lira (PP-AL), apesar de n\u00e3o comparecer \u00e0 sess\u00e3o solene, enviou mensagem, que foi lida no Plen\u00e1rio,\u00a0destacando que a Petrobras \u00e9 fundamental para transi\u00e7\u00e3o energ\u00e9tica.<\/p>\n<p>\u201cAl\u00e9m de ser essencial no processo para que o pa\u00eds alcance a autonomia da produ\u00e7\u00e3o de combust\u00edveis, a Petrobras surge como pe\u00e7a indispens\u00e1vel no avan\u00e7o da transi\u00e7\u00e3o energ\u00e9tica\u201d, destacou. Para Lira, os planos e metas da empresa \u201cse alinham com as demandas que chegam a essa casa e j\u00e1 est\u00e3o postas como prioridade nas nossas pr\u00f3ximas delibera\u00e7\u00f5es\u201d.<\/p>\n<h2>Privatiza\u00e7\u00f5es<\/h2>\n<p>Representando os trabalhadores da Petrobras na sess\u00e3o solene da C\u00e2mara, o coordenador da Federa\u00e7\u00e3o \u00danica dos Petroleiros (FUP) Deyvid Bacelar defendeu que as privatiza\u00e7\u00f5es de refinarias nos \u00faltimos anos sejam revertidas pela atual gest\u00e3o. Recentemente, o ministro de Minas e Energia, Alexandre Silveira, defendeu a recompra da Refinaria Landulpho Alves, na Bahia, vendida em 2021 para um fundo de investimentos dos Emirados \u00c1rabes Unidos.<\/p>\n<p>Para o sindicalista, s\u00e3o positivas a mudan\u00e7a na\u00a0pol\u00edtica de pre\u00e7os\u00a0da Petrobr\u00e1s, a\u00a0suspens\u00e3o de privatiza\u00e7\u00f5es\u00a0e a retomada de investimentos em grandes constru\u00e7\u00f5es, como da Refinaria Abreu e Lima, em Pernambuco.<\/p>\n<p>\u201cMas \u00e9 \u00f3bvio que a gente entende que h\u00e1 possibilidade de avan\u00e7ar mais. A gente alcan\u00e7ou autossufici\u00eancia na produ\u00e7\u00e3o de petr\u00f3leo e a gente precisa alcan\u00e7ar autossufici\u00eancia tamb\u00e9m no refino\u201d, destacou Deyvid.<\/p>\n<p>Sobre a transi\u00e7\u00e3o energ\u00e9tica, Deyvid defendeu que \u00e9 preciso aumentar o investimento no centro de pesquisa da empresa. \u201cEssa tecnologia (ligada \u00e0 transi\u00e7\u00e3o energ\u00e9tica), obviamente, precisa ficar aqui no Brasil. Para que isso aconte\u00e7a a gente precisa de mudan\u00e7as profundas no centro de pesquisas da Petrobras. O centro de pesquisas da empresa vinha sendo sucateado durante esses \u00faltimos sete anos\u201d,\u00a0pontuou.<\/p>\n<h2>Outro patamar<\/h2>\n<p>A parceria firmada entre a Petrobras e a empresa brasileira WEG\u00a0para produ\u00e7\u00e3o de geradores de\u00a0energia e\u00f3lica no mar, chamada de e\u00f3lica\u00a0offshore, foi apontada pelo economista do\u00a0<a href=\"https:\/\/observatoriopetroleo.com\/\" target=\"_blank\" rel=\"noopener\">Observat\u00f3rio Social do Petr\u00f3leo<\/a>, Eric Gil Dantas, como principal exemplo de projeto de transi\u00e7\u00e3o energ\u00e9tica liderado pela estatal.<\/p>\n<p>\u201cA Petrobras est\u00e1 fazendo uma parceria com uma empresa brasileira para desenvolvimento tecnol\u00f3gico e de produ\u00e7\u00e3o de equipamentos no Brasil. \u00c9 algo que coloca a transi\u00e7\u00e3o energ\u00e9tica no Brasil em outro patamar. O problema \u00e9 quando o pa\u00eds s\u00f3 exporta energia limpa. Mas se voc\u00ea produz todos os equipamentos no Brasil, inclusive possibilitando a exporta\u00e7\u00e3o de equipamentos para outros pa\u00edses, voc\u00ea coloca o Brasil em outra posi\u00e7\u00e3o na economia da transi\u00e7\u00e3o energ\u00e9tica\u201d, ressaltou.<\/p>\n<p>Sobre a explora\u00e7\u00e3o de \u00f3leo e g\u00e1s na margem equatorial brasileira, o economista do Observat\u00f3rio Social do Petr\u00f3leo argumentou que ela \u00e9 necess\u00e1ria porque as previs\u00f5es estimam a manuten\u00e7\u00e3o da atual demanda de petr\u00f3leo ao menos at\u00e9 2050.<\/p>\n<p>\u201cTem que aumentar a participa\u00e7\u00e3o das energias renov\u00e1veis, mas eu acho que \u00e9 importante continuar havendo explora\u00e7\u00e3o de novas reservas de petr\u00f3leo porque se n\u00e3o a gente pode chegar a uma situa\u00e7\u00e3o de ter que importar petr\u00f3leo porque deixamos de produzir no Brasil.\u201d<\/p>\n<p>Fonte: Ag\u00eancia Brasil<\/p>\n","protected":false},"excerpt":{"rendered":"<p>A maior empresa do Brasil completa 70 anos nesta ter\u00e7a-feira (3) buscando ampliar a explora\u00e7\u00e3o de petr\u00f3leo e g\u00e1s na chamada margem equatorial brasileira ao&#8230;<\/p>\n","protected":false},"author":1527,"featured_media":47744,"comment_status":"closed","ping_status":"closed","sticky":false,"template":"","format":"standard","meta":{"footnotes":""},"categories":[6],"tags":[],"class_list":["post-47743","post","type-post","status-publish","format-standard","has-post-thumbnail","hentry","category-noticias"],"_links":{"self":[{"href":"https:\/\/www.sincomam.org.br\/index.php\/wp-json\/wp\/v2\/posts\/47743","targetHints":{"allow":["GET"]}}],"collection":[{"href":"https:\/\/www.sincomam.org.br\/index.php\/wp-json\/wp\/v2\/posts"}],"about":[{"href":"https:\/\/www.sincomam.org.br\/index.php\/wp-json\/wp\/v2\/types\/post"}],"author":[{"embeddable":true,"href":"https:\/\/www.sincomam.org.br\/index.php\/wp-json\/wp\/v2\/users\/1527"}],"replies":[{"embeddable":true,"href":"https:\/\/www.sincomam.org.br\/index.php\/wp-json\/wp\/v2\/comments?post=47743"}],"version-history":[{"count":1,"href":"https:\/\/www.sincomam.org.br\/index.php\/wp-json\/wp\/v2\/posts\/47743\/revisions"}],"predecessor-version":[{"id":47745,"href":"https:\/\/www.sincomam.org.br\/index.php\/wp-json\/wp\/v2\/posts\/47743\/revisions\/47745"}],"wp:featuredmedia":[{"embeddable":true,"href":"https:\/\/www.sincomam.org.br\/index.php\/wp-json\/wp\/v2\/media\/47744"}],"wp:attachment":[{"href":"https:\/\/www.sincomam.org.br\/index.php\/wp-json\/wp\/v2\/media?parent=47743"}],"wp:term":[{"taxonomy":"category","embeddable":true,"href":"https:\/\/www.sincomam.org.br\/index.php\/wp-json\/wp\/v2\/categories?post=47743"},{"taxonomy":"post_tag","embeddable":true,"href":"https:\/\/www.sincomam.org.br\/index.php\/wp-json\/wp\/v2\/tags?post=47743"}],"curies":[{"name":"wp","href":"https:\/\/api.w.org\/{rel}","templated":true}]}}