{"id":47740,"date":"2023-10-03T00:49:45","date_gmt":"2023-10-03T03:49:45","guid":{"rendered":"http:\/\/www.sincomam.org.br\/?p=47740"},"modified":"2023-10-03T00:50:18","modified_gmt":"2023-10-03T03:50:18","slug":"entenda-por-que-o-governo-nao-pretende-adotar-o-horario-de-verao","status":"publish","type":"post","link":"https:\/\/www.sincomam.org.br\/index.php\/entenda-por-que-o-governo-nao-pretende-adotar-o-horario-de-verao\/","title":{"rendered":"Entenda por que o governo n\u00e3o pretende adotar o hor\u00e1rio de ver\u00e3o"},"content":{"rendered":"<p>Amado por muitos, odiado por outros tantos, o hor\u00e1rio de ver\u00e3o foi por muito tempo motivo de discuss\u00f5es e pol\u00eamicas entre os brasileiros. Muita gente gostava de aproveitar o per\u00edodo mais quente do ano e curtir o fim de tarde mais longo para praticar esportes ou em um happy hour com amigos. Mas quem acorda cedo para trabalhar reclamava das manh\u00e3s mais escuras, com o adiantamento do rel\u00f3gio em 1 hora.<img decoding=\"async\" src=\"https:\/\/agenciabrasil.ebc.com.br\/ebc.png?id=1558467&amp;o=node\" \/><img decoding=\"async\" src=\"https:\/\/agenciabrasil.ebc.com.br\/ebc.gif?id=1558467&amp;o=node\" \/><\/p>\n<p>Prefer\u00eancias \u00e0 parte, havia raz\u00f5es t\u00e9cnicas para que o governo determinasse a ado\u00e7\u00e3o da medida, que vigorou no pa\u00eds todos os anos de 1985 at\u00e9 2018. Em 2019, a medida foi extinta pelo ent\u00e3o presidente Jair Bolsonaro e, neste ano, apesar da troca de governo, n\u00e3o h\u00e1 sinais de que o hor\u00e1rio de ver\u00e3o possa ser adotado novamente.<\/p>\n<p>Tanto a \u00e1rea t\u00e9cnica do Minist\u00e9rio de Minas e Energia quanto o pr\u00f3prio ministro da pasta j\u00e1 falaram que, por enquanto, n\u00e3o h\u00e1 necessidade de adiantar os rel\u00f3gios neste ano, principalmente por causa das boas condi\u00e7\u00f5es atuais de suprimento energ\u00e9tico do pa\u00eds. A pasta diz que o planejamento seguro implantado desde os primeiros meses do governo garante essa condi\u00e7\u00e3o.<\/p>\n<p>O ministro Alexandre Silveira tamb\u00e9m diz que n\u00e3o h\u00e1 sinais de que ser\u00e1 necess\u00e1rio adotar o hor\u00e1rio de ver\u00e3o este ano, porque os reservat\u00f3rios das usinas hidrel\u00e9tricas est\u00e3o nas melhores condi\u00e7\u00f5es de armazenamento de \u00e1gua dos \u00faltimos anos. \u201cO hor\u00e1rio de ver\u00e3o s\u00f3 acontecer\u00e1 se houver sinais e evid\u00eancias de uma necessidade de seguran\u00e7a de suprimento do setor el\u00e9trico brasileiro. Por enquanto, n\u00e3o h\u00e1 sinal nenhum nesse sentido. Estamos com os reservat\u00f3rios no melhor momento dos \u00faltimos 10 anos\u201d.<\/p>\n<p>Segundo o Operador Nacional do Sistema El\u00e9trico (ONS), os n\u00edveis de Energia Armazenada (EAR) nos reservat\u00f3rios devem se manter acima de 70% em setembro na maioria das regi\u00f5es, o que representa estabilidade no sistema. Para se ter uma ideia, em setembro de 2018, por exemplo, no \u00faltimo ano de implementa\u00e7\u00e3o do hor\u00e1rio de ver\u00e3o, a EAR dos reservat\u00f3rios do subsistema Sudeste\/Centro-Oeste, um dos mais importantes do pa\u00eds, estava em 24,5%. Este ano, esse percentual est\u00e1 em 73,1%.<\/p>\n<p>Outro fator que serve como argumento para n\u00e3o retomar o hor\u00e1rio de ver\u00e3o no Brasil \u00e9 o aumento da oferta de energia el\u00e9trica nos \u00faltimos anos, com maior uso de usinas e\u00f3licas e solares. \u201cO setor de energia que era quem dava a ordem, n\u00e3o est\u00e1 vendo a necessidade de dar essa ordem, n\u00e3o est\u00e1 vendo grandes ganhos com a medida\u201d, diz o professor de Planejamento Energ\u00e9tico Marcos Freitas, do Instituto Alberto Luiz Coimbra de P\u00f3s-Gradua\u00e7\u00e3o e Pesquisa de Engenharia da Universidade Federal do Rio de Janeiro (Coppe\/UFRJ).<\/p>\n<h2>Mudan\u00e7a de h\u00e1bito<\/h2>\n<p>Quando foi criado, em 1931, o adiantamento do rel\u00f3gio em 1 hora entre os meses de outubro e fevereiro tinha o objetivo de aproveitar melhor a luz natural e reduzir a concentra\u00e7\u00e3o do consumo no hor\u00e1rio de pico, que era no hor\u00e1rio entre 18h e 20h. No entanto, nos \u00faltimos anos, houve mudan\u00e7as no padr\u00e3o de consumo de energia dos brasileiros e no hor\u00e1rio de pico, com maior uso da eletricidade no per\u00edodo da tarde, principalmente por causa da intensifica\u00e7\u00e3o do uso de aparelhos de ar-condicionado.<\/p>\n<p>Al\u00e9m disso, a ilumina\u00e7\u00e3o, que antes representava uma parte significativa do consumo, especialmente no hor\u00e1rio de pico, hoje n\u00e3o \u00e9 mais t\u00e3o importante do ponto de vista el\u00e9trico. At\u00e9 o in\u00edcio da d\u00e9cada de 2000, era comum o uso de l\u00e2mpadas incandescentes nas resid\u00eancias, empresas e na ilumina\u00e7\u00e3o p\u00fablica. Ap\u00f3s a crise energ\u00e9tica de 2001, foram adotadas pol\u00edticas de efici\u00eancia energ\u00e9tica, com o aumento do uso de l\u00e2mpadas mais econ\u00f4micas, como as fluorescentes, e eletrodom\u00e9sticos mais eficientes.<\/p>\n<p>\u201cHoje o fator ilumina\u00e7\u00e3o j\u00e1 n\u00e3o \u00e9 mais um fator importante para o setor el\u00e9trico, como era no passado, quando cerca de um ter\u00e7o do consumo de energia de uma casa vinha da ilumina\u00e7\u00e3o. Hoje, o grande vil\u00e3o nas resid\u00eancias se chama climatiza\u00e7\u00e3o\u201d, destaca o professor Freitas.<\/p>\n<p>Para ele, a ado\u00e7\u00e3o do Hor\u00e1rio de Ver\u00e3o este ano seria mais por uma quest\u00e3o de h\u00e1bito da popula\u00e7\u00e3o do que pela necessidade do setor el\u00e9trico. \u201cEu, particularmente, gosto muito do Hor\u00e1rio de Ver\u00e3o, gosto de chegar em casa com a luz do dia, acho simp\u00e1tica a ideia. Mas sei que tem limita\u00e7\u00f5es, os trabalhadores que acordam muito cedo sofrem muito com esse hor\u00e1rio\u201d.<\/p>\n<p>Fonte: Ag\u00eancia Brasil<\/p>\n","protected":false},"excerpt":{"rendered":"<p>Amado por muitos, odiado por outros tantos, o hor\u00e1rio de ver\u00e3o foi por muito tempo motivo de discuss\u00f5es e pol\u00eamicas entre os brasileiros. Muita gente&#8230;<\/p>\n","protected":false},"author":1527,"featured_media":47741,"comment_status":"closed","ping_status":"closed","sticky":false,"template":"","format":"standard","meta":{"footnotes":""},"categories":[6],"tags":[],"class_list":["post-47740","post","type-post","status-publish","format-standard","has-post-thumbnail","hentry","category-noticias"],"_links":{"self":[{"href":"https:\/\/www.sincomam.org.br\/index.php\/wp-json\/wp\/v2\/posts\/47740","targetHints":{"allow":["GET"]}}],"collection":[{"href":"https:\/\/www.sincomam.org.br\/index.php\/wp-json\/wp\/v2\/posts"}],"about":[{"href":"https:\/\/www.sincomam.org.br\/index.php\/wp-json\/wp\/v2\/types\/post"}],"author":[{"embeddable":true,"href":"https:\/\/www.sincomam.org.br\/index.php\/wp-json\/wp\/v2\/users\/1527"}],"replies":[{"embeddable":true,"href":"https:\/\/www.sincomam.org.br\/index.php\/wp-json\/wp\/v2\/comments?post=47740"}],"version-history":[{"count":1,"href":"https:\/\/www.sincomam.org.br\/index.php\/wp-json\/wp\/v2\/posts\/47740\/revisions"}],"predecessor-version":[{"id":47742,"href":"https:\/\/www.sincomam.org.br\/index.php\/wp-json\/wp\/v2\/posts\/47740\/revisions\/47742"}],"wp:featuredmedia":[{"embeddable":true,"href":"https:\/\/www.sincomam.org.br\/index.php\/wp-json\/wp\/v2\/media\/47741"}],"wp:attachment":[{"href":"https:\/\/www.sincomam.org.br\/index.php\/wp-json\/wp\/v2\/media?parent=47740"}],"wp:term":[{"taxonomy":"category","embeddable":true,"href":"https:\/\/www.sincomam.org.br\/index.php\/wp-json\/wp\/v2\/categories?post=47740"},{"taxonomy":"post_tag","embeddable":true,"href":"https:\/\/www.sincomam.org.br\/index.php\/wp-json\/wp\/v2\/tags?post=47740"}],"curies":[{"name":"wp","href":"https:\/\/api.w.org\/{rel}","templated":true}]}}