{"id":4774,"date":"2014-04-08T09:28:41","date_gmt":"2014-04-08T12:28:41","guid":{"rendered":"http:\/\/www.sincomam.org.br\/?p=4774"},"modified":"2014-04-08T09:28:41","modified_gmt":"2014-04-08T12:28:41","slug":"forcas-armadas-sao-alvo-de-ataque-no-complexo-da-mare","status":"publish","type":"post","link":"https:\/\/www.sincomam.org.br\/index.php\/forcas-armadas-sao-alvo-de-ataque-no-complexo-da-mare\/","title":{"rendered":"For\u00e7as Armadas s\u00e3o alvo de ataque no Complexo da Mar\u00e9"},"content":{"rendered":"<p><b><i>Ex\u00e9rcito e a Marinha n\u00e3o se limitar\u00e3o a fazer um trabalho de apoio<\/i><\/b><\/p>\n<p>A seguran\u00e7a no Complexo da Mar\u00e9 e nas ruas do entorno do conjunto de favelas est\u00e1 refor\u00e7ada, na manh\u00e3 desta ter\u00e7a-feira (7\/4), por fuzileiros navais e ve\u00edculos blindados da Marinha.<\/p>\n<p>No fim da noite desta segunda-feira, um homem foi baleado num ataque a pontos de mototaxistas em tr\u00eas comunidades da regi\u00e3o, que recebeu militares das For\u00e7as Armadas no domingo. F\u00e1bio da Silva de Barros, de 28 anos, que estava no ponto da entrada do Conjunto Esperan\u00e7a, foi atingido nas costas.<\/p>\n<p>Segundo testemunhas, os disparos foram feitos por ocupantes de um Corolla preto, que ainda atacaram os pontos da Vila do Jo\u00e3o e da Vila dos Pinheiros. O Comando da For\u00e7a de Pacifica\u00e7\u00e3o, que est\u00e1 no local desde s\u00e1bado, confirmou uma sequ\u00eancia de ataques.<\/p>\n<p><b>Ex\u00e9rcito confirma ataques<\/b><\/p>\n<p>No local do ataque, o major Alberto Horita, chefe da se\u00e7\u00e3o de Comunica\u00e7\u00e3o Social da For\u00e7a de Pacifica\u00e7\u00e3o, disse que as For\u00e7as Armadas s\u00f3 t\u00eam poder de pol\u00edcia no interior das comunidades e que o policiamento na Avenida Brasil \u00e9 de responsabilidade da Pol\u00edcia Militar.<\/p>\n<p><b>Mototaxistas protestam na Avenida Brasil<\/b><\/p>\n<p>Revoltado com a situa\u00e7\u00e3o e denunciando a falta de seguran\u00e7a para trabalhar, um grupo de mototaxistas fechou as pistas central e lateral da Avenida Brasil, sentido Zona Oeste, no in\u00edcio da madrugada desta ter\u00e7a-feira. Policiais do Batalh\u00e3o de Policiamento de Vias Expressas (BPVE) foram acionados para liberar o tr\u00e2nsito. De acordo com o Centro de Opera\u00e7\u00f5es da prefeitura, tr\u00eas faixas ficaram bloqueadas.<\/p>\n<p><b>For\u00e7as Armadas ficam na Mar\u00e9 at\u00e9 julho<\/b><\/p>\n<p>De acordo com o Minist\u00e9rio da Defesa, as For\u00e7as Armadas foram autorizadas a entrar no Complexo a partir do primeiro minuto do pr\u00f3ximo s\u00e1bado. Militares da Marinha e da Aeron\u00e1utica v\u00e3o permanecer nas 15 comunidades da Mar\u00e9 at\u00e9 o dia 31 de julho. Os militares poder\u00e3o fazer vistorias e prender suspeitos em flagrante.<\/p>\n<p>Fonte: G1 \/ O Globo<\/p>\n","protected":false},"excerpt":{"rendered":"<p>Ex\u00e9rcito e a Marinha n\u00e3o se limitar\u00e3o a fazer um trabalho de apoio A seguran\u00e7a no Complexo da Mar\u00e9 e nas ruas do entorno do&#8230;<\/p>\n","protected":false},"author":1182,"featured_media":4526,"comment_status":"closed","ping_status":"closed","sticky":false,"template":"","format":"standard","meta":{"footnotes":""},"categories":[6],"tags":[],"class_list":["post-4774","post","type-post","status-publish","format-standard","has-post-thumbnail","hentry","category-noticias"],"_links":{"self":[{"href":"https:\/\/www.sincomam.org.br\/index.php\/wp-json\/wp\/v2\/posts\/4774","targetHints":{"allow":["GET"]}}],"collection":[{"href":"https:\/\/www.sincomam.org.br\/index.php\/wp-json\/wp\/v2\/posts"}],"about":[{"href":"https:\/\/www.sincomam.org.br\/index.php\/wp-json\/wp\/v2\/types\/post"}],"author":[{"embeddable":true,"href":"https:\/\/www.sincomam.org.br\/index.php\/wp-json\/wp\/v2\/users\/1182"}],"replies":[{"embeddable":true,"href":"https:\/\/www.sincomam.org.br\/index.php\/wp-json\/wp\/v2\/comments?post=4774"}],"version-history":[{"count":1,"href":"https:\/\/www.sincomam.org.br\/index.php\/wp-json\/wp\/v2\/posts\/4774\/revisions"}],"predecessor-version":[{"id":4775,"href":"https:\/\/www.sincomam.org.br\/index.php\/wp-json\/wp\/v2\/posts\/4774\/revisions\/4775"}],"wp:featuredmedia":[{"embeddable":true,"href":"https:\/\/www.sincomam.org.br\/index.php\/wp-json\/wp\/v2\/media\/4526"}],"wp:attachment":[{"href":"https:\/\/www.sincomam.org.br\/index.php\/wp-json\/wp\/v2\/media?parent=4774"}],"wp:term":[{"taxonomy":"category","embeddable":true,"href":"https:\/\/www.sincomam.org.br\/index.php\/wp-json\/wp\/v2\/categories?post=4774"},{"taxonomy":"post_tag","embeddable":true,"href":"https:\/\/www.sincomam.org.br\/index.php\/wp-json\/wp\/v2\/tags?post=4774"}],"curies":[{"name":"wp","href":"https:\/\/api.w.org\/{rel}","templated":true}]}}