{"id":47734,"date":"2023-10-03T00:47:06","date_gmt":"2023-10-03T03:47:06","guid":{"rendered":"http:\/\/www.sincomam.org.br\/?p=47734"},"modified":"2023-10-03T00:47:06","modified_gmt":"2023-10-03T03:47:06","slug":"jan-de-nul-encomenda-maior-navio-lanca-cabos-do-mundo","status":"publish","type":"post","link":"https:\/\/www.sincomam.org.br\/index.php\/jan-de-nul-encomenda-maior-navio-lanca-cabos-do-mundo\/","title":{"rendered":"Jan De Nul encomenda maior navio lan\u00e7a-cabos do mundo"},"content":{"rendered":"<p>A Jan De Nul contratou a constru\u00e7\u00e3o de um navio lan\u00e7a-cabos extragrande (CLV) no estaleiro chin\u00eas CMHI Haimen. A capacidade de transporte de cabos ser\u00e1 de 28 mil toneladas, considerada atualmente a maior do mundo.<\/p>\n<p>Batizado de &#8220;Fleeming Jenkin&#8221;, o CLV ser\u00e1 equipado com tr\u00eas carross\u00e9is de cabos, dois montados sobre e o terceiro abaixo do conv\u00e9s, e um grande por\u00e3o para cabos de fibra \u00f3ptica.<\/p>\n<p>A embarca\u00e7\u00e3o ser\u00e1 movida por motores que podem funcionar com biocombust\u00edvel e metanol verde. Uma usina h\u00edbrida a bordo contribuir\u00e1 para a redu\u00e7\u00e3o das emiss\u00f5es de CO2.<\/p>\n<div id=\"beacon_ad79f97c18\"><\/div>\n<p>De acordo com a Jan De Nul, a embarca\u00e7\u00e3o DP2 ser\u00e1 equipada com um sistema de filtro de exaust\u00e3o duplo altamente avan\u00e7ado que remove at\u00e9 99% das nanopart\u00edculas das emiss\u00f5es. O equipamento \u00e9 baseado em um filtro de part\u00edculas diesel (DPF) e um sistema de redu\u00e7\u00e3o catal\u00edtica seletiva (SCR) para remo\u00e7\u00e3o de NOx.<\/p>\n<p>O &#8220;Fleeming Jenkin&#8221; foi projetado para instalar cabos em \u00e1guas ultraprofundas de at\u00e9 3.000 metros. No conv\u00e9s de popa \u00e9 equipado com rampa e roda passa-cabos.<\/p>\n<p>A embarca\u00e7\u00e3o tem o nome de Henry Charles Fleeming Jenkin (1833-1885), nascido na Inglaterra e professor de Engenharia na Universidade de Edimburgo, pioneiro na instala\u00e7\u00e3o de cabos offshore.<\/p>\n<p>Ele se juntar\u00e1 \u00e0 frota Jan De Nul em 2026, atualmente composta por dois navios de instala\u00e7\u00e3o auto-elevadores, tr\u00eas navios de instala\u00e7\u00e3o de guindastes flutuantes, cinco navios de instala\u00e7\u00e3o em rocha e dois navios polivalentes.<\/p>\n<p>Fonte: Portos e Navios<\/p>\n","protected":false},"excerpt":{"rendered":"<p>A Jan De Nul contratou a constru\u00e7\u00e3o de um navio lan\u00e7a-cabos extragrande (CLV) no estaleiro chin\u00eas CMHI Haimen. A capacidade de transporte de cabos ser\u00e1&#8230;<\/p>\n","protected":false},"author":1527,"featured_media":47735,"comment_status":"closed","ping_status":"closed","sticky":false,"template":"","format":"standard","meta":{"footnotes":""},"categories":[6],"tags":[],"class_list":["post-47734","post","type-post","status-publish","format-standard","has-post-thumbnail","hentry","category-noticias"],"_links":{"self":[{"href":"https:\/\/www.sincomam.org.br\/index.php\/wp-json\/wp\/v2\/posts\/47734","targetHints":{"allow":["GET"]}}],"collection":[{"href":"https:\/\/www.sincomam.org.br\/index.php\/wp-json\/wp\/v2\/posts"}],"about":[{"href":"https:\/\/www.sincomam.org.br\/index.php\/wp-json\/wp\/v2\/types\/post"}],"author":[{"embeddable":true,"href":"https:\/\/www.sincomam.org.br\/index.php\/wp-json\/wp\/v2\/users\/1527"}],"replies":[{"embeddable":true,"href":"https:\/\/www.sincomam.org.br\/index.php\/wp-json\/wp\/v2\/comments?post=47734"}],"version-history":[{"count":1,"href":"https:\/\/www.sincomam.org.br\/index.php\/wp-json\/wp\/v2\/posts\/47734\/revisions"}],"predecessor-version":[{"id":47736,"href":"https:\/\/www.sincomam.org.br\/index.php\/wp-json\/wp\/v2\/posts\/47734\/revisions\/47736"}],"wp:featuredmedia":[{"embeddable":true,"href":"https:\/\/www.sincomam.org.br\/index.php\/wp-json\/wp\/v2\/media\/47735"}],"wp:attachment":[{"href":"https:\/\/www.sincomam.org.br\/index.php\/wp-json\/wp\/v2\/media?parent=47734"}],"wp:term":[{"taxonomy":"category","embeddable":true,"href":"https:\/\/www.sincomam.org.br\/index.php\/wp-json\/wp\/v2\/categories?post=47734"},{"taxonomy":"post_tag","embeddable":true,"href":"https:\/\/www.sincomam.org.br\/index.php\/wp-json\/wp\/v2\/tags?post=47734"}],"curies":[{"name":"wp","href":"https:\/\/api.w.org\/{rel}","templated":true}]}}