{"id":47723,"date":"2023-10-02T01:34:41","date_gmt":"2023-10-02T04:34:41","guid":{"rendered":"http:\/\/www.sincomam.org.br\/?p=47723"},"modified":"2023-10-02T01:34:41","modified_gmt":"2023-10-02T04:34:41","slug":"preparacao-intensa-marinha-do-brasil-se-dedica-ao-cirio-fluvial-2023","status":"publish","type":"post","link":"https:\/\/www.sincomam.org.br\/index.php\/preparacao-intensa-marinha-do-brasil-se-dedica-ao-cirio-fluvial-2023\/","title":{"rendered":"Prepara\u00e7\u00e3o Intensa: Marinha do Brasil se Dedica ao C\u00edrio Fluvial 2023"},"content":{"rendered":"<p>No dia 22 de setembro, as \u00e1guas da Ba\u00eda do Guajar\u00e1, em Bel\u00e9m, foram palco de uma intensa prepara\u00e7\u00e3o. A\u00a0Marinha do Brasil\u00a0conduziu um treinamento especial com embarca\u00e7\u00f5es dos \u00f3rg\u00e3os que estar\u00e3o \u00e0 frente da\u00a0Romaria do C\u00edrio Fluvial de Nossa Senhora de Nazar\u00e9, um dos eventos religiosos mais tradicionais do pa\u00eds, que acontecer\u00e1 no dia 7 de outubro.<\/p>\n<p><strong>For\u00e7as Unidas pela Seguran\u00e7a<\/strong><\/p>\n<p>A a\u00e7\u00e3o contou com a participa\u00e7\u00e3o de diversos \u00f3rg\u00e3os e institui\u00e7\u00f5es, demonstrando a import\u00e2ncia e a grandiosidade do evento. Estiveram presentes militares da Capitania dos Portos da Amaz\u00f4nia Oriental (CPAOR), do Comando do Grupamento de Patrulha Naval do Norte (ComGptPatNavN), do Centro de Hidrografia e Navega\u00e7\u00e3o do Norte (CHN-4), do Grupo de Embarca\u00e7\u00f5es de Opera\u00e7\u00f5es Ribeirinhas do Norte (GrEOpRibN) e da Base Naval de Val de C\u00e3es (BNVC). Al\u00e9m da Marinha, o\u00a0Ex\u00e9rcito Brasileiro (EB)\u00a0tamb\u00e9m marcou presen\u00e7a, mostrando a uni\u00e3o das for\u00e7as armadas em prol da seguran\u00e7a do evento.<\/p>\n<div class=\"td-a-rec td-a-rec-id-content_inline td_uid_2_6519de35c7098_rand td_block_template_11\">\n<p><strong>Parceria com \u00d3rg\u00e3os Estaduais<\/strong><\/p>\n<\/div>\n<p>A Marinha n\u00e3o esteve sozinha nessa prepara\u00e7\u00e3o. O treinamento foi realizado em conjunto com o Grupamento Fluvial de Seguran\u00e7a P\u00fablica do Estado do Par\u00e1 (GFlu), do 1\u00ba Grupamento Mar\u00edtimo Fluvial (1\u00ba GMaF) e com a Secretaria de Estado de Seguran\u00e7a P\u00fablica e Defesa Social (SEGUP). A Praticagem tamb\u00e9m esteve envolvida, garantindo que todos os aspectos relacionados \u00e0 navega\u00e7\u00e3o fossem abordados.<\/p>\n<p><strong>Objetivo Claro: Seguran\u00e7a e Excel\u00eancia<\/strong><\/p>\n<p>O principal intuito dessa iniciativa \u00e9 aperfei\u00e7oar o plano de execu\u00e7\u00e3o e garantir a\u00a0seguran\u00e7a da navega\u00e7\u00e3o\u00a0das embarca\u00e7\u00f5es que estar\u00e3o inscritas para o evento. A Romaria do C\u00edrio Fluvial \u00e9 um momento de f\u00e9 e devo\u00e7\u00e3o, e a prepara\u00e7\u00e3o cuidadosa da Marinha e dos \u00f3rg\u00e3os envolvidos assegura que os fi\u00e9is possam vivenciar esse momento com tranquilidade e seguran\u00e7a.<\/p>\n<p>Fonte: Defesa em Foco<\/p>\n","protected":false},"excerpt":{"rendered":"<p>No dia 22 de setembro, as \u00e1guas da Ba\u00eda do Guajar\u00e1, em Bel\u00e9m, foram palco de uma intensa prepara\u00e7\u00e3o. A\u00a0Marinha do Brasil\u00a0conduziu um treinamento especial&#8230;<\/p>\n","protected":false},"author":1527,"featured_media":47724,"comment_status":"closed","ping_status":"closed","sticky":false,"template":"","format":"standard","meta":{"footnotes":""},"categories":[6],"tags":[],"class_list":["post-47723","post","type-post","status-publish","format-standard","has-post-thumbnail","hentry","category-noticias"],"_links":{"self":[{"href":"https:\/\/www.sincomam.org.br\/index.php\/wp-json\/wp\/v2\/posts\/47723","targetHints":{"allow":["GET"]}}],"collection":[{"href":"https:\/\/www.sincomam.org.br\/index.php\/wp-json\/wp\/v2\/posts"}],"about":[{"href":"https:\/\/www.sincomam.org.br\/index.php\/wp-json\/wp\/v2\/types\/post"}],"author":[{"embeddable":true,"href":"https:\/\/www.sincomam.org.br\/index.php\/wp-json\/wp\/v2\/users\/1527"}],"replies":[{"embeddable":true,"href":"https:\/\/www.sincomam.org.br\/index.php\/wp-json\/wp\/v2\/comments?post=47723"}],"version-history":[{"count":1,"href":"https:\/\/www.sincomam.org.br\/index.php\/wp-json\/wp\/v2\/posts\/47723\/revisions"}],"predecessor-version":[{"id":47725,"href":"https:\/\/www.sincomam.org.br\/index.php\/wp-json\/wp\/v2\/posts\/47723\/revisions\/47725"}],"wp:featuredmedia":[{"embeddable":true,"href":"https:\/\/www.sincomam.org.br\/index.php\/wp-json\/wp\/v2\/media\/47724"}],"wp:attachment":[{"href":"https:\/\/www.sincomam.org.br\/index.php\/wp-json\/wp\/v2\/media?parent=47723"}],"wp:term":[{"taxonomy":"category","embeddable":true,"href":"https:\/\/www.sincomam.org.br\/index.php\/wp-json\/wp\/v2\/categories?post=47723"},{"taxonomy":"post_tag","embeddable":true,"href":"https:\/\/www.sincomam.org.br\/index.php\/wp-json\/wp\/v2\/tags?post=47723"}],"curies":[{"name":"wp","href":"https:\/\/api.w.org\/{rel}","templated":true}]}}