{"id":47714,"date":"2023-10-02T01:19:34","date_gmt":"2023-10-02T04:19:34","guid":{"rendered":"http:\/\/www.sincomam.org.br\/?p=47714"},"modified":"2023-10-02T01:19:34","modified_gmt":"2023-10-02T04:19:34","slug":"vale-e-petrobras-assinam-protocolo-de-intencoes-para-acelerar-o-desenvolvimento-de-solucoes-de-baixo-carbono","status":"publish","type":"post","link":"https:\/\/www.sincomam.org.br\/index.php\/vale-e-petrobras-assinam-protocolo-de-intencoes-para-acelerar-o-desenvolvimento-de-solucoes-de-baixo-carbono\/","title":{"rendered":"Vale e Petrobras assinam protocolo de inten\u00e7\u00f5es para acelerar o desenvolvimento de solu\u00e7\u00f5es de baixo carbono"},"content":{"rendered":"<p>A Vale e a Petrobras assinaram na quinta-feira (28) protocolo de inten\u00e7\u00f5es para desenvolver solu\u00e7\u00f5es de baixo carbono, aproveitando a expertise t\u00e9cnica de ambas as empresas e suas sinergias. A parceria tem a dura\u00e7\u00e3o de dois anos e avaliar\u00e1 oportunidades conjuntas de descarboniza\u00e7\u00e3o, incluindo o desenvolvimento de combust\u00edveis sustent\u00e1veis \u2014 como hidrog\u00eanio, metanol verde, biobunkers, amon\u00edaco verde e diesel renov\u00e1vel \u2014 e tecnologias de captura e armazenamento de C02.<\/p>\n<p>A iniciativa tamb\u00e9m inclui potenciais acordos comerciais para fornecimento de combust\u00edveis de baixo carbono produzidos pela Petrobras para utiliza\u00e7\u00e3o nas opera\u00e7\u00f5es da Vale, o que poder\u00e1 contribuir para o compromisso da empresa em reduzir suas emiss\u00f5es de gases de efeito estufa.<\/p>\n<p>\u201cO Brasil tem todas as condi\u00e7\u00f5es necess\u00e1rias para liderar o desenvolvimento em larga escala de solu\u00e7\u00f5es de baixo carbono e combust\u00edveis renov\u00e1veis, como o hidrog\u00eanio verde e o verde metanol. A Vale est\u00e1 firmemente comprometida com a redu\u00e7\u00e3o de sua pegada de carbono e quer ser protagonista nessa jornada, alavancando a\u00e7\u00f5es relevantes para a transi\u00e7\u00e3o energ\u00e9tica no Brasil. Esse acordo com a Petrobras se enquadra perfeitamente nesse contexto\u201d, disse Eduardo Bartolomeo, presidente da Vale.<\/p>\n<div id=\"beacon_872a1e7976\"><\/div>\n<p>\u201cA parceria da Petrobras com a Vale ser\u00e1 estrat\u00e9gica para impulsionar a transi\u00e7\u00e3o energ\u00e9tica do pa\u00eds. S\u00e3o as duas maiores pot\u00eancias brasileiras unindo for\u00e7as em torno de um prop\u00f3sito comum: desenvolver as solu\u00e7\u00f5es mais modernas para reduzir as emiss\u00f5es de gases de efeito estufa\u201d, afirmou o presidente da Petrobras, Jean Paul Prates. \u201cVamos alavancar a capacidade produtiva, a estrutura log\u00edstica e tecnol\u00f3gica expertise de dois gigantes nacionais para impulsionar a produ\u00e7\u00e3o e o fornecimento de combust\u00edveis mais eficientes e sustent\u00e1veis. Isso \u00e9 o que podemos chamar de pioneiro na materializa\u00e7\u00e3o de nossa estrat\u00e9gia de descarboniza\u00e7\u00e3o, criando demanda e escala para solu\u00e7\u00f5es de baixo carbono\u201d, acrescentou.<\/p>\n<p>Essa parceria pode ajudar a Vale a cumprir seu compromisso de reduzir em 33% suas emiss\u00f5es absolutas de escopo 1 e 2. at\u00e9 2030 e alcan\u00e7ar a neutralidade at\u00e9 2050.<\/p>\n<p>Fonte: Portos e Navios<\/p>\n","protected":false},"excerpt":{"rendered":"<p>A Vale e a Petrobras assinaram na quinta-feira (28) protocolo de inten\u00e7\u00f5es para desenvolver solu\u00e7\u00f5es de baixo carbono, aproveitando a expertise t\u00e9cnica de ambas as&#8230;<\/p>\n","protected":false},"author":1527,"featured_media":47715,"comment_status":"closed","ping_status":"closed","sticky":false,"template":"","format":"standard","meta":{"footnotes":""},"categories":[6],"tags":[],"class_list":["post-47714","post","type-post","status-publish","format-standard","has-post-thumbnail","hentry","category-noticias"],"_links":{"self":[{"href":"https:\/\/www.sincomam.org.br\/index.php\/wp-json\/wp\/v2\/posts\/47714","targetHints":{"allow":["GET"]}}],"collection":[{"href":"https:\/\/www.sincomam.org.br\/index.php\/wp-json\/wp\/v2\/posts"}],"about":[{"href":"https:\/\/www.sincomam.org.br\/index.php\/wp-json\/wp\/v2\/types\/post"}],"author":[{"embeddable":true,"href":"https:\/\/www.sincomam.org.br\/index.php\/wp-json\/wp\/v2\/users\/1527"}],"replies":[{"embeddable":true,"href":"https:\/\/www.sincomam.org.br\/index.php\/wp-json\/wp\/v2\/comments?post=47714"}],"version-history":[{"count":1,"href":"https:\/\/www.sincomam.org.br\/index.php\/wp-json\/wp\/v2\/posts\/47714\/revisions"}],"predecessor-version":[{"id":47716,"href":"https:\/\/www.sincomam.org.br\/index.php\/wp-json\/wp\/v2\/posts\/47714\/revisions\/47716"}],"wp:featuredmedia":[{"embeddable":true,"href":"https:\/\/www.sincomam.org.br\/index.php\/wp-json\/wp\/v2\/media\/47715"}],"wp:attachment":[{"href":"https:\/\/www.sincomam.org.br\/index.php\/wp-json\/wp\/v2\/media?parent=47714"}],"wp:term":[{"taxonomy":"category","embeddable":true,"href":"https:\/\/www.sincomam.org.br\/index.php\/wp-json\/wp\/v2\/categories?post=47714"},{"taxonomy":"post_tag","embeddable":true,"href":"https:\/\/www.sincomam.org.br\/index.php\/wp-json\/wp\/v2\/tags?post=47714"}],"curies":[{"name":"wp","href":"https:\/\/api.w.org\/{rel}","templated":true}]}}