{"id":47711,"date":"2023-10-02T01:18:43","date_gmt":"2023-10-02T04:18:43","guid":{"rendered":"http:\/\/www.sincomam.org.br\/?p=47711"},"modified":"2023-10-02T01:18:43","modified_gmt":"2023-10-02T04:18:43","slug":"porto-do-itaqui-se-prepara-para-lancar-programa-de-descarbonizacao","status":"publish","type":"post","link":"https:\/\/www.sincomam.org.br\/index.php\/porto-do-itaqui-se-prepara-para-lancar-programa-de-descarbonizacao\/","title":{"rendered":"Porto do Itaqui se prepara para lan\u00e7ar programa de descarboniza\u00e7\u00e3o"},"content":{"rendered":"<p>O Porto do Itaqui se prepara para lan\u00e7ar o seu plano de descarboniza\u00e7\u00e3o, pioneiro no Brasil entre os portos. O principal objetivo \u00e9 reduzir as emiss\u00f5es de gases de efeito estufa em todo o complexo portu\u00e1rio. Sua elabora\u00e7\u00e3o \u00e9 resultado de uma parceria com o Porto de Val\u00eancia, na Espanha. O plano tem previs\u00e3o para ser entregue em outubro de 2024.<\/p>\n<p>Como parte do cronograma do contrato, o trabalho conjunto come\u00e7ar\u00e1 com um mapeamento inicial das emiss\u00f5es de gases de efeito estufa, abrangendo caminh\u00f5es e ve\u00edculos que circulam na poligonal do porto, navios e todos os equipamentos portu\u00e1rios. A partir desse estudo, ser\u00e1 elaborado todo o plano de descarboniza\u00e7\u00e3o, que vai orientar a\u00e7\u00f5es e investimentos com um direcionamento mais preciso, objetivo e estrat\u00e9gico.<\/p>\n<p>A equipe da Valencia Port visirou todas as empresas que operam no porto do Itaqui. A gerente de meio ambiente, Luane Lemos, acrescentou que o engajamento de todo o complexo \u00e9 essencial para o sucesso de cada etapa. \u201c\u00c9 muito importante que todas as empresas dentro do complexo entendam a import\u00e2ncia do plano e participem dessa jornada junto conosco\u201d, disse.<\/p>\n<div id=\"beacon_03552512f5\"><\/div>\n<p>\u201cA descarboniza\u00e7\u00e3o \u00e9 um projeto muito ambicioso, pois converter\u00e1 o Porto do Itaqui no primeiro porto brasileiro com esses indicadores definidos e um plano para trat\u00e1-los\u201d, refor\u00e7ou Josep Sanz, coordenador t\u00e9cnico do Porto de Val\u00eancia.<\/p>\n<p>\u201cO projeto come\u00e7ou no m\u00eas de agosto e j\u00e1 estamos trabalhando diretamente com a Emap e as empresas do porto no levantamento das informa\u00e7\u00f5es que precisamos para calcular a pegada de carbono. Esse c\u00e1lculo tem previs\u00e3o de apresenta\u00e7\u00e3o aqui, no porto, em fevereiro e o projeto se estender\u00e1 at\u00e9 outubro do pr\u00f3ximo ano, com o plano de descarboniza\u00e7\u00e3o completo\u201d, finalizou Aur\u00e9lio Lazaro- Chefe de projeto do Porto de Val\u00eancia.<\/p>\n<p>\u201cA equipe est\u00e1 fazendo levantamentos dos poss\u00edveis impactos ambientais e estrat\u00e9gicos que poder\u00e3o mitigar esse problema. A partir desses estudos , n\u00f3s vamos preparar o futuro , ou seja, vamos ter um projeto consciente de descarboniza\u00e7\u00e3o do Porto do Itaqui, o primeiro porto brasileiro que vai ter esse estudo e que vai come\u00e7ar a implementar a descarboniza\u00e7\u00e3o\u201d, relatou Marcelo Coelho, diretor de planejamento da Emap.<\/p>\n<p>Fonte: Portos e Navios<\/p>\n","protected":false},"excerpt":{"rendered":"<p>O Porto do Itaqui se prepara para lan\u00e7ar o seu plano de descarboniza\u00e7\u00e3o, pioneiro no Brasil entre os portos. O principal objetivo \u00e9 reduzir as&#8230;<\/p>\n","protected":false},"author":1527,"featured_media":47712,"comment_status":"closed","ping_status":"closed","sticky":false,"template":"","format":"standard","meta":{"footnotes":""},"categories":[6],"tags":[],"class_list":["post-47711","post","type-post","status-publish","format-standard","has-post-thumbnail","hentry","category-noticias"],"_links":{"self":[{"href":"https:\/\/www.sincomam.org.br\/index.php\/wp-json\/wp\/v2\/posts\/47711","targetHints":{"allow":["GET"]}}],"collection":[{"href":"https:\/\/www.sincomam.org.br\/index.php\/wp-json\/wp\/v2\/posts"}],"about":[{"href":"https:\/\/www.sincomam.org.br\/index.php\/wp-json\/wp\/v2\/types\/post"}],"author":[{"embeddable":true,"href":"https:\/\/www.sincomam.org.br\/index.php\/wp-json\/wp\/v2\/users\/1527"}],"replies":[{"embeddable":true,"href":"https:\/\/www.sincomam.org.br\/index.php\/wp-json\/wp\/v2\/comments?post=47711"}],"version-history":[{"count":1,"href":"https:\/\/www.sincomam.org.br\/index.php\/wp-json\/wp\/v2\/posts\/47711\/revisions"}],"predecessor-version":[{"id":47713,"href":"https:\/\/www.sincomam.org.br\/index.php\/wp-json\/wp\/v2\/posts\/47711\/revisions\/47713"}],"wp:featuredmedia":[{"embeddable":true,"href":"https:\/\/www.sincomam.org.br\/index.php\/wp-json\/wp\/v2\/media\/47712"}],"wp:attachment":[{"href":"https:\/\/www.sincomam.org.br\/index.php\/wp-json\/wp\/v2\/media?parent=47711"}],"wp:term":[{"taxonomy":"category","embeddable":true,"href":"https:\/\/www.sincomam.org.br\/index.php\/wp-json\/wp\/v2\/categories?post=47711"},{"taxonomy":"post_tag","embeddable":true,"href":"https:\/\/www.sincomam.org.br\/index.php\/wp-json\/wp\/v2\/tags?post=47711"}],"curies":[{"name":"wp","href":"https:\/\/api.w.org\/{rel}","templated":true}]}}